{"id":12421,"date":"2025-10-27T00:50:41","date_gmt":"2025-10-27T00:50:41","guid":{"rendered":"https:\/\/parafiatokarnia.pl\/?p=12421"},"modified":"2025-10-28T12:44:48","modified_gmt":"2025-10-28T12:44:48","slug":"27-pazdziernika-oka-2025-do-2-listopada-2025","status":"publish","type":"post","link":"https:\/\/parafiatokarnia.pl\/?p=12421","title":{"rendered":"27 pa\u017adziernika 2025 do 2 listopada 2025"},"content":{"rendered":"<p>Poniedzia\u0142ek 27 pa\u017adziernika 2025<br \/>\n07:00 + Stanis\u0142awa (f.) Miko\u0142ajczyk<br \/>\n18:00 + Genowefa Filipek<\/p>\n<p>Wtorek 28 pa\u017adziernika 2025<br \/>\n07:00 + Genowefa Filipek<br \/>\n18:00 + Stanis\u0142awa (f.) Miko\u0142ajczyk<\/p>\n<p>\u015aroda 29 pa\u017adziernika 2025<br \/>\n07:00 + Stanis\u0142awa (f.) Miko\u0142ajczyk<br \/>\n18:00 Za Parafian<\/p>\n<p>Czwartek 30 pa\u017adziernika 2025<br \/>\n07:00 + Klemens Mirek<br \/>\n18:00 + Stanis\u0142awa (f.) Miko\u0142ajczyk<\/p>\n<p>Pi\u0105tek 31 pa\u017adziernika 2025<br \/>\n07:00 + Stanis\u0142awa (f.) Miko\u0142ajczyk<br \/>\n18:00 Za Zmar\u0142ych<\/p>\n<p>Sobota 1 listopada 2025<br \/>\n07:00 Wynagradzaj\u0105ca za grzechy przeciwko Niepokalanemu Sercu NMP<br \/>\n09:00 + J\u00f3zef Bier\u00f3wka \u2013 2. rocznica \u015bmierci<br \/>\n11:00 + Tadeusz Hobot \u2013 8. rocznica \u015bmierci<br \/>\n13:00 + Katarzyna Hanusiak + Jan i Maria Hanusiak; + Wiktoria Kluska<br \/>\n13:00 + Ks. Franciszek Kania \u2013 20. rocznica \u015bmierci<\/p>\n<p>Niedziela 2 listopada 2025<br \/>\n07:00 Za zmar\u0142e cz\u0142onkinie i cz\u0142onk\u00f3w Arcybractwa Stra\u017cy Honorowej NSPJ i Niepokalanego Serca NMP<br \/>\n09:00 + Mieczys\u0142aw Zi\u0119ba \u2013 5. rocznica \u015bmierci<br \/>\n11:00 + J\u00f3zef Cudak \u2013 40. rocznica \u015bmierci + Agnieszka, \u017cona \u2013 35 rocznica \u015bmierci<br \/>\n15:30 W intencji dusz w czy\u015b\u0107cu cierpi\u0105cych<\/p>\n","protected":false},"excerpt":{"rendered":"<p>Poniedzia\u0142ek 27 pa\u017adziernika 2025 07:00 + Stanis\u0142awa (f.) Miko\u0142ajczyk 18:00 + Genowefa Filipek Wtorek 28 pa\u017adziernika 2025 07:00 + Genowefa Filipek 18:00 + Stanis\u0142awa (f.) Miko\u0142ajczyk \u015aroda 29 pa\u017adziernika 2025 07:00 + Stanis\u0142awa (f.) Miko\u0142ajczyk 18:00 Za Parafian Czwartek 30 pa\u017adziernika 2025 07:00 + Klemens Mirek 18:00 + Stanis\u0142awa (f.) Miko\u0142ajczyk Pi\u0105tek 31 pa\u017adziernika 2025 [&hellip;]<\/p>\n","protected":false},"author":4,"featured_media":0,"comment_status":"closed","ping_status":"closed","sticky":false,"template":"","format":"standard","meta":{"footnotes":""},"categories":[22],"tags":[],"class_list":["post-12421","post","type-post","status-publish","format-standard","hentry","category-intencje"],"_links":{"self":[{"href":"https:\/\/parafiatokarnia.pl\/index.php?rest_route=\/wp\/v2\/posts\/12421","targetHints":{"allow":["GET"]}}],"collection":[{"href":"https:\/\/parafiatokarnia.pl\/index.php?rest_route=\/wp\/v2\/posts"}],"about":[{"href":"https:\/\/parafiatokarnia.pl\/index.php?rest_route=\/wp\/v2\/types\/post"}],"author":[{"embeddable":true,"href":"https:\/\/parafiatokarnia.pl\/index.php?rest_route=\/wp\/v2\/users\/4"}],"replies":[{"embeddable":true,"href":"https:\/\/parafiatokarnia.pl\/index.php?rest_route=%2Fwp%2Fv2%2Fcomments&post=12421"}],"version-history":[{"count":3,"href":"https:\/\/parafiatokarnia.pl\/index.php?rest_route=\/wp\/v2\/posts\/12421\/revisions"}],"predecessor-version":[{"id":12457,"href":"https:\/\/parafiatokarnia.pl\/index.php?rest_route=\/wp\/v2\/posts\/12421\/revisions\/12457"}],"wp:attachment":[{"href":"https:\/\/parafiatokarnia.pl\/index.php?rest_route=%2Fwp%2Fv2%2Fmedia&parent=12421"}],"wp:term":[{"taxonomy":"category","embeddable":true,"href":"https:\/\/parafiatokarnia.pl\/index.php?rest_route=%2Fwp%2Fv2%2Fcategories&post=12421"},{"taxonomy":"post_tag","embeddable":true,"href":"https:\/\/parafiatokarnia.pl\/index.php?rest_route=%2Fwp%2Fv2%2Ftags&post=12421"}],"curies":[{"name":"wp","href":"https:\/\/api.w.org\/{rel}","templated":true}]}}