{"id":12383,"date":"2025-09-14T08:26:38","date_gmt":"2025-09-14T08:26:38","guid":{"rendered":"https:\/\/parafiatokarnia.pl\/?p=12383"},"modified":"2025-09-14T08:27:08","modified_gmt":"2025-09-14T08:27:08","slug":"24-niedziela-zwykla-2025","status":"publish","type":"post","link":"https:\/\/parafiatokarnia.pl\/?p=12383","title":{"rendered":"24. NIEDZIELA ZWYK\u0141A 2025"},"content":{"rendered":"<p>Dzi\u0119kujemy mieszka\u0144com 2. cz\u0119\u015bci roli Urbany za posprz\u0105tanie \u015bwi\u0105tyni oraz porz\u0105dki wok\u00f3\u0142 niej. O przygotowanie ko\u015bcio\u0142a w tym tygodniu prosimy mieszka\u0144c\u00f3w 3. cz\u0119\u015bci tej roli.<\/p>\n<p>Ofiar\u0119 na ko\u015bci\u00f3\u0142 z\u0142o\u017cyli narzeczeni przy okazji zapowiedzi: Urszula Kozak i Mateusz Bubula.<\/p>\n<p>Dzisiaj w kalendarzu liturgicznym \u015bwi\u0119to Podwy\u017cszenia Krzy\u017ca \u015awietego. Z powodu niesprzyjaj\u0105cej aury Drog\u0119 Krzy\u017cow\u0105 na Urbaniej G\u00f3rze przeniesiemy na przysz\u0142\u0105 niedziel\u0119.<\/p>\n<p>We wtorek na godz. 16.30 zapraszamy ch\u0142opc\u00f3w z klasy 3-ich i starszych na zbi\u00f3rk\u0119 kandydat\u00f3w na ministrant\u00f3w.<\/p>\n<p>We wtorek tak\u017ce rozpoczynamy triduum przed \u015bwi\u0119tem \u015bw. Stanis\u0142awa Kostki, patrona dzieci i m\u0142odzie\u017cy. We wtorek na msz\u0119 \u015bw. o godz. 18.00 i spotkanie zapraszamy m\u0142odzie\u017c z klas 6 i 7 z rodzicami, w \u015brod\u0119 m\u0142odzie\u017c z klas 8 z rodzicami a we czwartek dzieci z klas 3 z rodzicami. Msza \u015bw. z celebracj\u0105 i spotkanie s\u0105 rozpocz\u0119ciem przygotowania dla m\u0142odzie\u017cy do Sakramentu Bierzmowania a dla dzieci do pierwszej Komunii \u015awi\u0119tej. Serdecznie zapraszamy.<\/p>\n<p>Zako\u0144czyli\u015bmy prace przy wymianie pierwszego odcinka instalacji centralnego ogrzewania. Zostali\u015bmy zmuszeni do podj\u0119cia jeszcze jednej nieplanowanej lecz koniecznej inwestycji. Na balkonach od strony frontowej plebanii pod p\u0142ytki dosta\u0142a si\u0119 woda, co wymaga\u0142o (przed zim\u0105) ich pilnej wymiany.  <\/p>\n<p>Przygotowujemy si\u0119 do renowacji drugiego o\u0142tarza bocznego \u015bw. J\u00f3zefa, patrona rodzin, rzemie\u015blnik\u00f3w i stolarzy. Kwiatony, kt\u00f3rych brakowa\u0142o zosta\u0142y ju\u017c wyrze\u017abione. Trwa ich z\u0142ocenie. Dzi\u0119kujemy Z\u0142otym Jubilatom Danucie i Stanis\u0142awowi Jamrozikom, cz\u0142onkom R\u00f3\u017cy R\u00f3\u017ca\u0144cowej M\u0119\u017cczyzn pw. \u015bw. J\u00f3zefa oraz p. J\u00f3zefie Pieron za dar materialny przeznaczony na renowacj\u0119 o\u0142tarza.<\/p>\n<p>Za tydzie\u0144 sk\u0142adka inwestycyjna z przeznaczeniem na utrzymanie naszej parafii. Przy okazji dzi\u0119kujemy wszystkim za wsparcie duchowe i materialne, kt\u00f3re jest wyrazem wsp\u00f3lnotowej troski o pi\u0119kno naszej \u015bwi\u0105tyni.<\/p>\n<p>Solenizantkom, Solenizantom tego tygodnia oraz Czcigodnym Jubilatom sk\u0142adamy najlepsze \u017cyczenia: wielu Bo\u017cych \u0142ask oraz opieki Pani Tokarskiej na ka\u017cdy dzie\u0144. <\/p>\n<p>Wszystkim Go\u015bciom i naszym Parafianom \u017cyczymy b\u0142ogos\u0142awionej niedzieli i dobrego tygodnia.<\/p>\n","protected":false},"excerpt":{"rendered":"<p>Dzi\u0119kujemy mieszka\u0144com 2. cz\u0119\u015bci roli Urbany za posprz\u0105tanie \u015bwi\u0105tyni oraz porz\u0105dki wok\u00f3\u0142 niej. O przygotowanie ko\u015bcio\u0142a w tym tygodniu prosimy mieszka\u0144c\u00f3w 3. cz\u0119\u015bci tej roli. Ofiar\u0119 na ko\u015bci\u00f3\u0142 z\u0142o\u017cyli narzeczeni przy okazji zapowiedzi: Urszula Kozak i Mateusz Bubula. Dzisiaj w kalendarzu liturgicznym \u015bwi\u0119to Podwy\u017cszenia Krzy\u017ca \u015awietego. Z powodu niesprzyjaj\u0105cej aury Drog\u0119 Krzy\u017cow\u0105 na Urbaniej G\u00f3rze [&hellip;]<\/p>\n","protected":false},"author":4,"featured_media":0,"comment_status":"closed","ping_status":"closed","sticky":false,"template":"","format":"standard","meta":{"footnotes":""},"categories":[6],"tags":[],"class_list":["post-12383","post","type-post","status-publish","format-standard","hentry","category-ogloszenia"],"_links":{"self":[{"href":"https:\/\/parafiatokarnia.pl\/index.php?rest_route=\/wp\/v2\/posts\/12383","targetHints":{"allow":["GET"]}}],"collection":[{"href":"https:\/\/parafiatokarnia.pl\/index.php?rest_route=\/wp\/v2\/posts"}],"about":[{"href":"https:\/\/parafiatokarnia.pl\/index.php?rest_route=\/wp\/v2\/types\/post"}],"author":[{"embeddable":true,"href":"https:\/\/parafiatokarnia.pl\/index.php?rest_route=\/wp\/v2\/users\/4"}],"replies":[{"embeddable":true,"href":"https:\/\/parafiatokarnia.pl\/index.php?rest_route=%2Fwp%2Fv2%2Fcomments&post=12383"}],"version-history":[{"count":2,"href":"https:\/\/parafiatokarnia.pl\/index.php?rest_route=\/wp\/v2\/posts\/12383\/revisions"}],"predecessor-version":[{"id":12385,"href":"https:\/\/parafiatokarnia.pl\/index.php?rest_route=\/wp\/v2\/posts\/12383\/revisions\/12385"}],"wp:attachment":[{"href":"https:\/\/parafiatokarnia.pl\/index.php?rest_route=%2Fwp%2Fv2%2Fmedia&parent=12383"}],"wp:term":[{"taxonomy":"category","embeddable":true,"href":"https:\/\/parafiatokarnia.pl\/index.php?rest_route=%2Fwp%2Fv2%2Fcategories&post=12383"},{"taxonomy":"post_tag","embeddable":true,"href":"https:\/\/parafiatokarnia.pl\/index.php?rest_route=%2Fwp%2Fv2%2Ftags&post=12383"}],"curies":[{"name":"wp","href":"https:\/\/api.w.org\/{rel}","templated":true}]}}