{"id":12317,"date":"2025-07-28T00:15:55","date_gmt":"2025-07-28T00:15:55","guid":{"rendered":"https:\/\/parafiatokarnia.pl\/?p=12317"},"modified":"2025-07-26T09:16:09","modified_gmt":"2025-07-26T09:16:09","slug":"28-lipca-2025-do-3-sierpnia-2025","status":"publish","type":"post","link":"https:\/\/parafiatokarnia.pl\/?p=12317","title":{"rendered":"28 lipca 2025 do 3 sierpnia 2025"},"content":{"rendered":"<p>Poniedzia\u0142ek 28 lipca 2025<br \/>\n18:00  W podzi\u0119kowaniu za wszystkie otrzymane do tej pory \u0142aski; za dar mi\u0142o\u015bci, wierno\u015bci i wzajemnego wsparcia, pro\u015bmy o dalsze Bo\u017ce b\u0142ogos\u0142awie\u0144stwo oraz opiek\u0119 Matki Bo\u017cej \u015anie\u017cnej, Pani Pi\u0119knej Mi\u0142o\u015bci dla Srebrnych Jubilat\u00f3w: Teresy i Jana Bylic\u00f3w z okazji 25 rocznicy \u015blubu<\/p>\n<p>Wtorek 29 lipca 2025<br \/>\n07:00 + Stanis\u0142awa (f.) Jamrozik<\/p>\n<p>\u015aroda 30 lipca 2025<br \/>\n18:00  Za Parafian<\/p>\n<p>Czwartek 31 lipca 2025<br \/>\n07:00 + Stanis\u0142awa (f.) Jamrozik<\/p>\n<p>Pi\u0105tek 1 sierpnia 2025<br \/>\n07:00 Wynagradzaj\u0105ca za grzechy przeciwko NSPJ<br \/>\n18:00  Za Zmar\u0142ych   <\/p>\n<p>Sobota 2 sierpnia 2025<br \/>\n07:00 Wynagradzaj\u0105ca za grzechy przeciwko Niepokalanemu Sercu NMP<br \/>\n18:00 + Stanis\u0142awa (f.) Jamrozik<\/p>\n<p>Niedziela 3 sierpnia 2025<br \/>\n07:00 + Tadeusz Hobot \u2013 8. rocznica \u015bmierci<br \/>\n09:00 + Tadeusz P\u0119cek + Cecylia, \u017cona<br \/>\n11:00 + Eleonora Jamrozik; + Sabina Wojas; + Oliwier Wojas \u2013 1. rocznica \u015bmierci<br \/>\n15:30  Za dusze w czy\u015b\u0107cu cierpi\u0105ce<\/p>\n","protected":false},"excerpt":{"rendered":"<p>Poniedzia\u0142ek 28 lipca 2025 18:00 W podzi\u0119kowaniu za wszystkie otrzymane do tej pory \u0142aski; za dar mi\u0142o\u015bci, wierno\u015bci i wzajemnego wsparcia, pro\u015bmy o dalsze Bo\u017ce b\u0142ogos\u0142awie\u0144stwo oraz opiek\u0119 Matki Bo\u017cej \u015anie\u017cnej, Pani Pi\u0119knej Mi\u0142o\u015bci dla Srebrnych Jubilat\u00f3w: Teresy i Jana Bylic\u00f3w z okazji 25 rocznicy \u015blubu Wtorek 29 lipca 2025 07:00 + Stanis\u0142awa (f.) Jamrozik [&hellip;]<\/p>\n","protected":false},"author":4,"featured_media":0,"comment_status":"closed","ping_status":"closed","sticky":false,"template":"","format":"standard","meta":{"footnotes":""},"categories":[22],"tags":[],"class_list":["post-12317","post","type-post","status-publish","format-standard","hentry","category-intencje"],"_links":{"self":[{"href":"https:\/\/parafiatokarnia.pl\/index.php?rest_route=\/wp\/v2\/posts\/12317","targetHints":{"allow":["GET"]}}],"collection":[{"href":"https:\/\/parafiatokarnia.pl\/index.php?rest_route=\/wp\/v2\/posts"}],"about":[{"href":"https:\/\/parafiatokarnia.pl\/index.php?rest_route=\/wp\/v2\/types\/post"}],"author":[{"embeddable":true,"href":"https:\/\/parafiatokarnia.pl\/index.php?rest_route=\/wp\/v2\/users\/4"}],"replies":[{"embeddable":true,"href":"https:\/\/parafiatokarnia.pl\/index.php?rest_route=%2Fwp%2Fv2%2Fcomments&post=12317"}],"version-history":[{"count":1,"href":"https:\/\/parafiatokarnia.pl\/index.php?rest_route=\/wp\/v2\/posts\/12317\/revisions"}],"predecessor-version":[{"id":12318,"href":"https:\/\/parafiatokarnia.pl\/index.php?rest_route=\/wp\/v2\/posts\/12317\/revisions\/12318"}],"wp:attachment":[{"href":"https:\/\/parafiatokarnia.pl\/index.php?rest_route=%2Fwp%2Fv2%2Fmedia&parent=12317"}],"wp:term":[{"taxonomy":"category","embeddable":true,"href":"https:\/\/parafiatokarnia.pl\/index.php?rest_route=%2Fwp%2Fv2%2Fcategories&post=12317"},{"taxonomy":"post_tag","embeddable":true,"href":"https:\/\/parafiatokarnia.pl\/index.php?rest_route=%2Fwp%2Fv2%2Ftags&post=12317"}],"curies":[{"name":"wp","href":"https:\/\/api.w.org\/{rel}","templated":true}]}}