{"id":12311,"date":"2025-07-19T08:06:33","date_gmt":"2025-07-19T08:06:33","guid":{"rendered":"https:\/\/parafiatokarnia.pl\/?p=12311"},"modified":"2025-07-19T08:15:25","modified_gmt":"2025-07-19T08:15:25","slug":"16-niedziela-zwykla-2025","status":"publish","type":"post","link":"https:\/\/parafiatokarnia.pl\/?p=12311","title":{"rendered":"16. NIEDZIELA ZWYK\u0141A 2025"},"content":{"rendered":"<p>W pi\u0105tek odby\u0142 si\u0119 pogrzeb \u015bp. Benedykta Kani. Pole\u0107my dusz\u0119 naszego Zmar\u0142ego brata Bo\u017cemu Mi\u0142osierdziu.<\/p>\n<p>Dzi\u0119kujemy mieszka\u0144com 3. cz\u0119\u015bci roli Wierdonki za posprz\u0105tanie \u015bwi\u0105tyni oraz za porz\u0105dki wok\u00f3\u0142 niej. O przygotowanie ko\u015bcio\u0142a w tym tygodniu prosimy mieszka\u0144c\u00f3w 1. cz\u0119\u015bci roli Granica, kt\u00f3r\u0105 podzieli\u015bmy na 3. cz\u0119\u015bci.<\/p>\n<p>Ofiar\u0119 na ko\u015bci\u00f3\u0142 z\u0142o\u017cyli: Zofia Tajs oraz narzeczeni: Tomasz Filipek i Beata Grygiel.<\/p>\n<p>W okresie wakacyjnym msze \u015bw. w naszym ko\u015bciele s\u0105 odprawiane w poniedzia\u0142ki, \u015brody i pi\u0105tki tylko o godz. 18.00, a we wtorki i czwartki tylko o godz. 7.00. W soboty msza \u015bw. zar\u00f3wno o godz. 7.00, jak i o godz. 18.00. Okazja do spowiedzi \u015bwi\u0119tej 15 minut przed ka\u017cd\u0105 msz\u0105 \u015bw. Kancelaria parafialna w wakacje jest czynna w poniedzia\u0142ki po wieczornej mszy \u015bw. i w soboty od godz. 9.00 do 10.00.<\/p>\n<p>W ka\u017cd\u0105 \u015brod\u0119 i w ka\u017cdy pi\u0105tek, o godz. 17.30 (p\u00f3\u0142 godziny przed wieczorn\u0105 msz\u0105 \u015bw.) ma miejsce wystawienie Naj\u015bwi\u0119tszego Sakramentu i mo\u017cliwo\u015b\u0107 adoracji Pana Jezusa. Zach\u0119camy do udzia\u0142u w tej osobistej modlitwie przed Panem. We \u015brod\u0119 adoracj\u0119 Naj\u015bwi\u0119tszego Sakramentu \u0142\u0105czymy z nowenn\u0105 do Matki Bo\u017cej Nieustaj\u0105cej Pomocy.<\/p>\n<p>Dzisiaj rozpoczyna si\u0119 Og\u00f3lnopolski Tydzie\u0144 \u015bw. Krzysztofa. To czas modlitwy o odpowiedzialno\u015b\u0107 na drogach i dzi\u0119kczynienia za bezpieczne podr\u00f3\u017ce. Za tydzie\u0144, w niedziel\u0119, po ka\u017cdej mszy \u015bwi\u0119tej na parkingu pob\u0142ogos\u0142awimy pojazdy i kierowc\u00f3w, aby bezpiecznie korzystali ze swoich pojazd\u00f3w i zawsze (a szczeg\u00f3lnie w okresie wakacji, kiedy wi\u0119cej podr\u00f3\u017cujemy) docierali do cel\u00f3w swoich podr\u00f3\u017cy i szcz\u0119\u015bliwie wracali do swoich rodzin i dom\u00f3w.<\/p>\n<p><span style=\"color: #ff0000;\"><em><strong>Planowane wydarzenia:<\/strong><\/em><\/span><br \/>\nW pierwsz\u0105 sobot\u0119 sierpnia, tj. 2 sierpnia \u00a0o godz. 19.30 rozpoczniemy kolejny Wiecz\u00f3r Uwielbienia po\u0142\u0105czony z ca\u0142onocn\u0105 adoracj\u0105. W zakrystii i pod ch\u00f3rem wystawione s\u0105 listy na kt\u00f3re mog\u0105 wpisa\u0107 si\u0119 osoby, kt\u00f3re zdeklaruj\u0105 si\u0119 do godzinnego \u201edy\u017curu\u201d w wyznaczonych przez siebie godzinach w trakcie adoracji, bior\u0105c tym samym na siebie tak\u017ce odpowiedzialno\u015b\u0107 za bezpiecze\u0144stwo w ko\u015bciele.<\/p>\n<p>Przed nami odpust parafialny. 4 sierpnia, w poniedzia\u0142ek (w przede dniu odpustu) planujemy odwiedzi\u0107 chorych w ich domach. Bardzo prosz\u0119, aby dzisiaj, po mszy \u015bw. zg\u0142osili si\u0119 <strong>dwaj kierowcy<\/strong> (jeden z Tokarni, drugi z Wi\u0119cierzy), kt\u00f3rzy zdeklaruj\u0105 si\u0119 i zawioz\u0105 kap\u0142ana z Komuni\u0105 \u015awi\u0119t\u0105 w tym dniu do dom\u00f3w os\u00f3b chorych i starszych.<\/p>\n<p>15 sierpnia, w naszej parafii Do\u017cynki Parafialne. Prosimy, tegorocznych gospodarzy, mieszka\u0144c\u00f3w r\u00f3l: Urbany, Hoboty i Gwi\u017cd\u017ce o przygotowanie uroczysto\u015bci.<\/p>\n<p>Nasza Parafia wraz z Biurem Podr\u00f3\u017cy \u201eOrlando\u201d organizuje w przysz\u0142ym roku (od 23 lutego do 7 marca 2026) Pielgrzymk\u0119 do Meksyku. Szczeg\u00f3\u0142owy program pielgrzymki mo\u017cna zabra\u0107 z zakrystii. Zapisy na pielgrzymk\u0119 do ko\u0144ca lipca.<\/p>\n<p>W najbli\u017cszy pi\u0105tek o godz. 18.00 w Skomielnej Czarnej odb\u0119dzie si\u0119 kolejne spotkanie dla kobiet. W zwi\u0105zku z nadchodz\u0105cym miesi\u0105cem trze\u017awo\u015bci b\u0119dzie konferencja i \u015bwiadectwo o uzale\u017cnieniu i wsp\u00f3\u0142uzale\u017cnieniu. Zapraszamy wszystkie kobiety.<\/p>\n<p>Dzi\u015b, w spos\u00f3b szczeg\u00f3lny, chcemy z\u0142o\u017cy\u0107 najserdeczniejsze \u017cyczenia imieninowe Ksi\u0119dzu Krzysztofowi \u2013 naszemu gorliwemu duszpasterzowi i oddanemu kap\u0142anowi.<\/p>\n<p>Dzi\u0119kujemy za ka\u017cde dobre s\u0142owo, za u\u015bmiech i cierpliwo\u015b\u0107, za pi\u0119kne \u015bwiadectwo wiary oraz zaanga\u017cowanie w \u017cycie naszej parafii. Za jego gorliwo\u015b\u0107 przy o\u0142tarzu i obecno\u015b\u0107 tam, gdzie potrzeba modlitwy, wsparcia i ludzkiej \u017cyczliwo\u015bci.<\/p>\n<p>Nie spos\u00f3b nie wspomnie\u0107 o niezwyk\u0142ej trosce Ksi\u0119dza Krzysztofa o pi\u0119kno naszego parafialnego ogrodu, kt\u00f3ry przy wsparciu kilku naszych oddanych Parafianek piel\u0119gnuje z wielk\u0105 pieczo\u0142owito\u015bci\u0105  \u2013 za ka\u017cd\u0105 przyci\u0119t\u0105 ga\u0142\u0105zk\u0119, za piel\u0119gnowane kwiaty i w\u0142o\u017cone serce \u2013 sk\u0142adamy serdeczne \u201eB\u00f3g zap\u0142a\u0107\u201d.<\/p>\n<p>Czcigodny Ksi\u0119\u017ce Krzysztofie \u2013 \u017cyczymy Ksi\u0119dzu zdrowia, si\u0142, pogody ducha oraz niegasn\u0105cej rado\u015bci z kap\u0142a\u0144skiej pos\u0142ugi. Niech \u015bwi\u0119ty patron \u2013 \u015bw. Krzysztof \u2013 wyprasza potrzebne \u0142aski, a Matka Bo\u017ca \u015anie\u017cna, nasza Patronka i Opiekunka, prowadzi drog\u0105 kap\u0142a\u0144skiego \u017cycia.<\/p>\n<p>Wszystkim Solenizantkom, Solenizantom tego tygodnia oraz Czcigodnym Jubilatom sk\u0142adamy najlepsze \u017cyczenia: wielu Bo\u017cych \u0142ask oraz opieki Pani Tokarskiej na ka\u017cdy dzie\u0144. Wszystkim Go\u015bciom i naszym Parafianom \u017cyczymy b\u0142ogos\u0142awionej niedzieli i dobrego tygodnia.<\/p>\n","protected":false},"excerpt":{"rendered":"<p>W pi\u0105tek odby\u0142 si\u0119 pogrzeb \u015bp. Benedykta Kani. Pole\u0107my dusz\u0119 naszego Zmar\u0142ego brata Bo\u017cemu Mi\u0142osierdziu. Dzi\u0119kujemy mieszka\u0144com 3. cz\u0119\u015bci roli Wierdonki za posprz\u0105tanie \u015bwi\u0105tyni oraz za porz\u0105dki wok\u00f3\u0142 niej. O przygotowanie ko\u015bcio\u0142a w tym tygodniu prosimy mieszka\u0144c\u00f3w 1. cz\u0119\u015bci roli Granica, kt\u00f3r\u0105 podzieli\u015bmy na 3. cz\u0119\u015bci. Ofiar\u0119 na ko\u015bci\u00f3\u0142 z\u0142o\u017cyli: Zofia Tajs oraz narzeczeni: Tomasz [&hellip;]<\/p>\n","protected":false},"author":4,"featured_media":0,"comment_status":"closed","ping_status":"closed","sticky":false,"template":"","format":"standard","meta":{"footnotes":""},"categories":[6],"tags":[],"class_list":["post-12311","post","type-post","status-publish","format-standard","hentry","category-ogloszenia"],"_links":{"self":[{"href":"https:\/\/parafiatokarnia.pl\/index.php?rest_route=\/wp\/v2\/posts\/12311","targetHints":{"allow":["GET"]}}],"collection":[{"href":"https:\/\/parafiatokarnia.pl\/index.php?rest_route=\/wp\/v2\/posts"}],"about":[{"href":"https:\/\/parafiatokarnia.pl\/index.php?rest_route=\/wp\/v2\/types\/post"}],"author":[{"embeddable":true,"href":"https:\/\/parafiatokarnia.pl\/index.php?rest_route=\/wp\/v2\/users\/4"}],"replies":[{"embeddable":true,"href":"https:\/\/parafiatokarnia.pl\/index.php?rest_route=%2Fwp%2Fv2%2Fcomments&post=12311"}],"version-history":[{"count":3,"href":"https:\/\/parafiatokarnia.pl\/index.php?rest_route=\/wp\/v2\/posts\/12311\/revisions"}],"predecessor-version":[{"id":12314,"href":"https:\/\/parafiatokarnia.pl\/index.php?rest_route=\/wp\/v2\/posts\/12311\/revisions\/12314"}],"wp:attachment":[{"href":"https:\/\/parafiatokarnia.pl\/index.php?rest_route=%2Fwp%2Fv2%2Fmedia&parent=12311"}],"wp:term":[{"taxonomy":"category","embeddable":true,"href":"https:\/\/parafiatokarnia.pl\/index.php?rest_route=%2Fwp%2Fv2%2Fcategories&post=12311"},{"taxonomy":"post_tag","embeddable":true,"href":"https:\/\/parafiatokarnia.pl\/index.php?rest_route=%2Fwp%2Fv2%2Ftags&post=12311"}],"curies":[{"name":"wp","href":"https:\/\/api.w.org\/{rel}","templated":true}]}}