{"id":12301,"date":"2025-07-12T10:05:32","date_gmt":"2025-07-12T10:05:32","guid":{"rendered":"https:\/\/parafiatokarnia.pl\/?p=12301"},"modified":"2025-07-12T10:10:19","modified_gmt":"2025-07-12T10:10:19","slug":"15-niedziela-zwykla-2025","status":"publish","type":"post","link":"https:\/\/parafiatokarnia.pl\/?p=12301","title":{"rendered":"15. NIEDZIELA ZWYK\u0141A 2025"},"content":{"rendered":"<p>Dzi\u0119kujemy mieszka\u0144com 2. cz\u0119\u015bci roli Wierdonki za posprz\u0105tanie \u015bwi\u0105tyni oraz za porz\u0105dki wok\u00f3\u0142 niej. O przygotowanie ko\u015bcio\u0142a w tym tygodniu prosimy mieszka\u0144c\u00f3w 3. i zarazem ostatniej cz\u0119\u015bci tej roli.<\/p>\n<p>Ofiar\u0119 na ko\u015bci\u00f3\u0142 z\u0142o\u017cyli narzeczeni: Partycja P\u0119cek i Damian Bury; Urszula Kozak i Mateusz Bubula oraz Aneta i Rados\u0142aw Pustelnik. <\/p>\n<p>W okresie wakacyjnym msze \u015bw. w naszym ko\u015bciele s\u0105 odprawiane w poniedzia\u0142ki, \u015brody, pi\u0105tki i soboty tylko o godz. 18.00 a we wtorki i czwartki tylko o godz. 7.00. Okazja do spowiedzi \u015bwi\u0119tej 15 minut przed ka\u017cd\u0105 msz\u0105 \u015bw. <\/p>\n<p>Kancelaria parafialna w wakacje jest czynna w poniedzia\u0142ki po wieczornej mszy \u015bw. oraz w soboty od godz. 9.00 do 10.00. <\/p>\n<p>Pami\u0119tajmy w modlitwie i trosce o naszych bliskich, kt\u00f3rzy z powodu choroby lub podesz\u0142ego wieku nie mog\u0105 uczestniczy\u0107 w liturgii. Zach\u0119camy do zg\u0142aszania os\u00f3b chorych i starszych, kt\u00f3re pragn\u0105 przyj\u0105\u0107 Komuni\u0119 \u015awi\u0119t\u0105 oraz Sakrament Namaszczenia Chorych. Z rado\u015bci\u0105 odwiedzimy potrzebuj\u0105cych, przynosz\u0105c im Chrystusa w Eucharystii i otaczaj\u0105c ich modlitw\u0105. Prosimy o kontakt w zakrystii, aby ustali\u0107 dogodny termin duszpasterskiej wizyty.<\/p>\n<p>Przypominamy, i\u017c w ka\u017cd\u0105 \u015brod\u0119 i w ka\u017cdy pi\u0105tek, o godz. 17.30 (p\u00f3\u0142 godziny przed wieczorn\u0105 msz\u0105 \u015bw.) ma miejsce wystawienie Naj\u015bwi\u0119tszego Sakramentu i mo\u017cliwo\u015b\u0107 adoracji Pana Jezusa. Zach\u0119camy do udzia\u0142u w tej osobistej modlitwie przed Panem.<\/p>\n<p>We \u015brod\u0119 adoracj\u0119 przed msz\u0105 \u015bw. po\u0142\u0105czymy z Nowenn\u0105 do Matki Bo\u017cej Nieustaj\u0105cej Pomocy. W tym dniu wspomnienie NMP z G\u00f3ry Karmel. Odpust w Krzeczowie. Suma odpustowa o godz. 11.00.<\/p>\n<p>W pi\u0105tek, wspomnienie \u015bw. Szymona z Lipnicy.<\/p>\n<p>Nasza Parafia wraz z Biurem Podr\u00f3\u017cy \u201eOrlando\u201d organizuje w przysz\u0142ym roku (od 23. lutego do 7 marca 2026) Pielgrzymk\u0119 do Meksyku. W programie m.in. nawiedzenie najwi\u0119kszego sanktuarium maryjnego na \u015bwiecie, Bazyliki Matki Bo\u017cej w Guadelupe, czy Puebli, zwanego \u201eMiastem Anio\u0142\u00f3w\u201d, wpisanego na list\u0119 \u015awiatowego Dziedzictwa UNESCO oraz wielu innych ciekawych miejsc. Zainteresowanych wyjazdem zapraszamy na spotkanie we \u015brod\u0119, po mszy \u015bwi\u0119tej wieczornej (ok. godz. 19.00) na plebani\u0119. Zapisy na pielgrzymk\u0119 potrwaj\u0105 do ko\u0144ca lipca.<\/p>\n<p>Pan J\u00f3zef Jopek wraz z rodzin\u0105 przes\u0142a\u0142 na r\u0119ce ks. Proboszcza podzi\u0119kowanie za modlitw\u0119 w intencji Zmar\u0142ego Taty oraz przekazan\u0105 pomoc dla P.T. Wszystkich, kt\u00f3rzy w tym trudnym czasie otoczyli jego rodzin\u0119 wsparciem. &#8222;Ogrom dobra, kt\u00f3re otrzymali\u015bmy jest nie do opisania. Ka\u017cdemu z Was DZI\u0118KUJ\u0118! B\u00d3G ZAP\u0141A\u0106&#8221;.<\/p>\n<p>Solenizantkom, Solenizantom tego tygodnia oraz Czcigodnym Jubilatom sk\u0142adamy najlepsze \u017cyczenia: wielu Bo\u017cych \u0142ask oraz opieki Pani Tokarskiej na ka\u017cdy dzie\u0144. Wszystkim Go\u015bciom i naszym Parafianom \u017cyczymy b\u0142ogos\u0142awionej niedzieli i dobrego tygodnia.<\/p>\n","protected":false},"excerpt":{"rendered":"<p>Dzi\u0119kujemy mieszka\u0144com 2. cz\u0119\u015bci roli Wierdonki za posprz\u0105tanie \u015bwi\u0105tyni oraz za porz\u0105dki wok\u00f3\u0142 niej. O przygotowanie ko\u015bcio\u0142a w tym tygodniu prosimy mieszka\u0144c\u00f3w 3. i zarazem ostatniej cz\u0119\u015bci tej roli. Ofiar\u0119 na ko\u015bci\u00f3\u0142 z\u0142o\u017cyli narzeczeni: Partycja P\u0119cek i Damian Bury; Urszula Kozak i Mateusz Bubula oraz Aneta i Rados\u0142aw Pustelnik. W okresie wakacyjnym msze \u015bw. w [&hellip;]<\/p>\n","protected":false},"author":4,"featured_media":0,"comment_status":"closed","ping_status":"closed","sticky":false,"template":"","format":"standard","meta":{"footnotes":""},"categories":[6],"tags":[],"class_list":["post-12301","post","type-post","status-publish","format-standard","hentry","category-ogloszenia"],"_links":{"self":[{"href":"https:\/\/parafiatokarnia.pl\/index.php?rest_route=\/wp\/v2\/posts\/12301","targetHints":{"allow":["GET"]}}],"collection":[{"href":"https:\/\/parafiatokarnia.pl\/index.php?rest_route=\/wp\/v2\/posts"}],"about":[{"href":"https:\/\/parafiatokarnia.pl\/index.php?rest_route=\/wp\/v2\/types\/post"}],"author":[{"embeddable":true,"href":"https:\/\/parafiatokarnia.pl\/index.php?rest_route=\/wp\/v2\/users\/4"}],"replies":[{"embeddable":true,"href":"https:\/\/parafiatokarnia.pl\/index.php?rest_route=%2Fwp%2Fv2%2Fcomments&post=12301"}],"version-history":[{"count":3,"href":"https:\/\/parafiatokarnia.pl\/index.php?rest_route=\/wp\/v2\/posts\/12301\/revisions"}],"predecessor-version":[{"id":12304,"href":"https:\/\/parafiatokarnia.pl\/index.php?rest_route=\/wp\/v2\/posts\/12301\/revisions\/12304"}],"wp:attachment":[{"href":"https:\/\/parafiatokarnia.pl\/index.php?rest_route=%2Fwp%2Fv2%2Fmedia&parent=12301"}],"wp:term":[{"taxonomy":"category","embeddable":true,"href":"https:\/\/parafiatokarnia.pl\/index.php?rest_route=%2Fwp%2Fv2%2Fcategories&post=12301"},{"taxonomy":"post_tag","embeddable":true,"href":"https:\/\/parafiatokarnia.pl\/index.php?rest_route=%2Fwp%2Fv2%2Ftags&post=12301"}],"curies":[{"name":"wp","href":"https:\/\/api.w.org\/{rel}","templated":true}]}}