{"id":12288,"date":"2025-06-14T07:17:17","date_gmt":"2025-06-14T07:17:17","guid":{"rendered":"https:\/\/parafiatokarnia.pl\/?p=12288"},"modified":"2025-06-14T07:20:10","modified_gmt":"2025-06-14T07:20:10","slug":"uroczystosc-trojcy-przenajswietszej-2025","status":"publish","type":"post","link":"https:\/\/parafiatokarnia.pl\/?p=12288","title":{"rendered":"UROCZYSTO\u015a\u0106 TR\u00d3JCY PRZENAJ\u015aWI\u0118TSZEJ 2025"},"content":{"rendered":"<p>Dzi\u0119kujemy mieszka\u0144com 2. cz\u0119\u015bci roli Bier\u00f3wki za posprz\u0105tanie \u015bwi\u0105tyni, porz\u0105dki wok\u00f3\u0142 niej, za z\u0142o\u017con\u0105 ofiar\u0119 na ko\u015bci\u00f3\u0142 i za zam\u00f3wione msze \u015bw. za \u017cywych i za zmar\u0142ych. O przygotowanie ko\u015bcio\u0142a w tym tygodniu prosimy mieszka\u0144c\u00f3w roli G\u0119bki, kt\u00f3r\u0105 podzielili\u015bmy na 2. cz\u0119\u015bci.<\/p>\n<p>Dzisiaj prze\u017cywamy Uroczysto\u015b\u0107 Tr\u00f3jcy Przenaj\u015bwi\u0119tszej. W archidiecezji krakowskiej ko\u0144czy ona okres spowiedzi i Komunii \u015awi\u0119tej wielkanocnej. <\/p>\n<p>W naszej parafii na mszy \u015bw. o godz. 9.00 dziewi\u0119ciu kandydat\u00f3w z\u0142o\u017cy przyrzeczenia ministranckie i zostanie przyj\u0119tych do grona Liturgicznej S\u0142u\u017cby O\u0142tarza. <\/p>\n<p>Nabo\u017ce\u0144stwo czerwcowe dzisiaj o godz. 15.00.  <\/p>\n<p>Przed nami Bo\u017ce Cia\u0142o, kt\u00f3re wypada tradycyjnie w czwartek po Niedzieli Tr\u00f3jcy \u015awi\u0119tej. Msze \u015bw. o godz. 7.00, 10.00 po niej procesja do czterech o\u0142tarzy i o godz. 15.30. <\/p>\n<p>Zapraszamy Orkiestr\u0119 D\u0119t\u0105 OSP; naszych Druh\u00f3w-Stra\u017cak\u00f3w w strojach galowych; dziewczynki do sypania kwiat\u00f3w; ch\u0142opc\u00f3w z dzwoneczkami; dzieci w strojach komunijnych; poczty sztandarowe; Panie nosz\u0105ce feretrony i r\u00f3\u017caniec; Pan\u00f3w do figury Matki Bo\u017cej Fatimskiej; Kliszczak\u00f3w w strojach regionalnych i ca\u0142e rodziny. Prosimy tak\u017ce naszych Stra\u017cak\u00f3w o pomoc Policji w zabezpieczeniu ruchu drogowego.<\/p>\n<p>W ramach oktawy Bo\u017cego Cia\u0142a (od 20 czerwca do 26 czerwca) procesja z Naj\u015bwi\u0119tszym Sakramentem wok\u00f3\u0142 ko\u015bcio\u0142a po zako\u0144czeniu mszy \u015bwi\u0119tej wieczornej. Zapraszamy dziewczynki do sypania kwiat\u00f3w, ch\u0142opc\u00f3w z dzwoneczkami. W ramach Oktawy Bo\u017cego Cia\u0142a na mszy \u015bw. o godz. 18.00 modli\u0107 si\u0119 b\u0119dziemy z wyznaczonymi rolami o dobre urodzaje, zachowanie od nieszcz\u0119\u015b\u0107: gradobicia, suczy i powodzi oraz o opiek\u0119 Matki Bo\u017cej \u015anie\u017cnej.<\/p>\n<p>PI\u0104TEK 20 czerwca 2025<br \/>\n18:00 W podzi\u0119kowaniu za otrzymane \u0142aski z pro\u015bb\u0105 o b\u0142ogos\u0142awie\u0144stwo Bo\u017ce, dobre urodzaje, zachowanie od nieszcz\u0119\u015b\u0107: gradobicia, powodzi i suszy i opiek\u0119 Matki Bo\u017cej \u015anie\u017cnej dla mieszka\u0144c\u00f3w z r\u00f3l: U Lipki, Zamki, Koty, Hanuski, Knapy, Dziubras G\u00f3rny, Kostruchy, Madonie, Mizery i Kusiki, a dla Zmar\u0142ych z tych r\u00f3l o \u017cycie wieczne<\/p>\n<p>SOBOTA 21 czerwca 2025<br \/>\n18:00 W podzi\u0119kowaniu za otrzymane \u0142aski z pro\u015bb\u0105 o b\u0142ogos\u0142awie\u0144stwo Bo\u017ce, dobre urodzaje, zachowanie od nieszcz\u0119\u015b\u0107: gradobicia, powodzi i suszy i opiek\u0119 Matki Bo\u017cej \u015anie\u017cnej dla mieszka\u0144c\u00f3w z r\u00f3l: Dzio\u0142ek, J\u0105tyki, Per\u0142y, Pawlaki, Bugaje, Kie\u0142tyki, Durki, Chlebierz\u00f3wka, Molusy, Guz\u00f3wka, a dla Zmar\u0142ych z tych r\u00f3l o \u017cycie wieczne<\/p>\n<p>PONIEDZIA\u0141EK 23 czerwca 2025<br \/>\n18:00 W podzi\u0119kowaniu za otrzymane \u0142aski z pro\u015bb\u0105 o b\u0142ogos\u0142awie\u0144stwo Bo\u017ce, dobre urodzaje, zachowanie od nieszcz\u0119\u015b\u0107: gradobicia, powodzi i suszy i opiek\u0119 Matki Bo\u017cej \u015anie\u017cnej dla mieszka\u0144c\u00f3w z r\u00f3l: Wierdonki, G\u0119bki, Bryle, Zagrody, Dziubras Dolny, Bier\u00f3wki, Kluski, Szewcy, a dla Zmar\u0142ych z tych r\u00f3l o \u017cycie wieczne <\/p>\n<p>WTOREK 24 czerwca 2025<br \/>\n18:00 W podzi\u0119kowaniu za otrzymane \u0142aski z pro\u015bb\u0105 o b\u0142ogos\u0142awie\u0144stwo Bo\u017ce, dobre urodzaje, zachowanie od nieszcz\u0119\u015b\u0107: gradobicia, powodzi i suszy i opiek\u0119 Matki Bo\u017cej \u015anie\u017cnej dla mieszka\u0144c\u00f3w z r\u00f3l: Granica, Brzegi, Parchule, Urbany, Hoboty i Gwi\u017cd\u017ce, a dla Zmar\u0142ych z tych r\u00f3l o \u017cycie wieczne <\/p>\n<p>\u015aRODA 25 czerwca 2025<br \/>\n18:00 W podzi\u0119kowaniu za otrzymane \u0142aski z pro\u015bb\u0105 o b\u0142ogos\u0142awie\u0144stwo Bo\u017ce, dobre urodzaje, zachowanie od nieszcz\u0119\u015b\u0107: gradobicia, powodzi i suszy i opiek\u0119 Matki Bo\u017cej \u015anie\u017cnej dla mieszka\u0144c\u00f3w z r\u00f3l: Morgi, \u0141ocki, Luberdy, Dzia\u0142 Wy\u017cny, Domy Pod Lasem, Przysop, a dla Zmar\u0142ych z tych r\u00f3l o \u017cycie wieczne <\/p>\n<p>CZWARTEK  26 czerwca 2025<br \/>\n18:00 W podzi\u0119kowaniu za otrzymane \u0142aski z pro\u015bb\u0105 o b\u0142ogos\u0142awie\u0144stwo Bo\u017ce, dobre urodzaje, zachowanie od nieszcz\u0119\u015b\u0107: gradobicia, powodzi i suszy i opiek\u0119 Matki Bo\u017cej \u015anie\u017cnej dla mieszka\u0144c\u00f3w z r\u00f3l: Fu\u0142y, M\u0142yny, Tarn\u00f3w, Florki, Na Wysokiej, Przymiarki; Dziury, Kocury, Proszki, Jurczaki, Debenosy, Kud\u0142y, Kasperki, Kanie, Blychy, Dzia\u0142 Ni\u017cny, a dla Zmar\u0142ych z tych r\u00f3l o \u017cycie wieczne <\/p>\n<p>W najbli\u017csz\u0105 sobot\u0119 o godz. 19.30 rozpoczniemy kolejny Wiecz\u00f3r Uwielbienia: modlitewne czuwanie z Kr\u00f3low\u0105 Pokoju.W programie: wielbienie Pana \u015bpiewem, medytacja nad S\u0142owem Bo\u017cym oraz indywidualne b\u0142ogos\u0142awie\u0144stwo Naj\u015bwi\u0119tszym Sakramentem. Po zako\u0144czeniu nabo\u017ce\u0144stwa planujemy ca\u0142onocn\u0105 adoracj\u0119 w intencji Ojczyzny i Ko\u015bcio\u0142a. Jest to oddolna inicjatywa naszych Parafian, ale \u017ceby m\u00f3c j\u0105 zrealizowa\u0107 potrzeba wysi\u0142ku i zaanga\u017cowania ca\u0142ej wsp\u00f3lnoty.<\/p>\n<p>W zakrystii i pod ch\u00f3rem wystawione s\u0105 listy na kt\u00f3re mog\u0105 wpisa\u0107 si\u0119 osoby, kt\u00f3re zdeklaruj\u0105 si\u0119 do godzinnego \u201edy\u017curu\u201d w wyznaczonych przez siebie godzinach w trakcie adoracji, bior\u0105c tym samym na siebie tak\u017ce odpowiedzialno\u015b\u0107 za bezpiecze\u0144stwo w ko\u015bciele.<\/p>\n<p>Decyzj\u0105 Rady Duszpasterskiej w ka\u017cd\u0105 \u015brod\u0119 i w ka\u017cdy pi\u0105tek, o godz. 17.30 (p\u00f3\u0142 godziny przed wieczorn\u0105 msz\u0105 \u015bw.) b\u0119dzie mia\u0142o miejsce wystawienie Naj\u015bwi\u0119tszego Sakramentu i mo\u017cliwo\u015b\u0107 adoracji Pana Jezusa. Zach\u0119camy do udzia\u0142u w tej osobistej modlitwie przed Panem.<\/p>\n<p>Solenizantkom, Solenizantom tego tygodnia, Czcigodnym Jubilatom sk\u0142adamy najlepsze \u017cyczenia: wielu Bo\u017cych \u0142ask oraz opieki Pani Tokarskiej na ka\u017cdy dzie\u0144. Wszystkim Go\u015bciom i naszym Parafianom \u017cyczymy b\u0142ogos\u0142awionej niedzieli.<\/p>\n","protected":false},"excerpt":{"rendered":"<p>Dzi\u0119kujemy mieszka\u0144com 2. cz\u0119\u015bci roli Bier\u00f3wki za posprz\u0105tanie \u015bwi\u0105tyni, porz\u0105dki wok\u00f3\u0142 niej, za z\u0142o\u017con\u0105 ofiar\u0119 na ko\u015bci\u00f3\u0142 i za zam\u00f3wione msze \u015bw. za \u017cywych i za zmar\u0142ych. O przygotowanie ko\u015bcio\u0142a w tym tygodniu prosimy mieszka\u0144c\u00f3w roli G\u0119bki, kt\u00f3r\u0105 podzielili\u015bmy na 2. cz\u0119\u015bci. Dzisiaj prze\u017cywamy Uroczysto\u015b\u0107 Tr\u00f3jcy Przenaj\u015bwi\u0119tszej. W archidiecezji krakowskiej ko\u0144czy ona okres spowiedzi i [&hellip;]<\/p>\n","protected":false},"author":4,"featured_media":0,"comment_status":"closed","ping_status":"closed","sticky":false,"template":"","format":"standard","meta":{"footnotes":""},"categories":[6],"tags":[],"class_list":["post-12288","post","type-post","status-publish","format-standard","hentry","category-ogloszenia"],"_links":{"self":[{"href":"https:\/\/parafiatokarnia.pl\/index.php?rest_route=\/wp\/v2\/posts\/12288","targetHints":{"allow":["GET"]}}],"collection":[{"href":"https:\/\/parafiatokarnia.pl\/index.php?rest_route=\/wp\/v2\/posts"}],"about":[{"href":"https:\/\/parafiatokarnia.pl\/index.php?rest_route=\/wp\/v2\/types\/post"}],"author":[{"embeddable":true,"href":"https:\/\/parafiatokarnia.pl\/index.php?rest_route=\/wp\/v2\/users\/4"}],"replies":[{"embeddable":true,"href":"https:\/\/parafiatokarnia.pl\/index.php?rest_route=%2Fwp%2Fv2%2Fcomments&post=12288"}],"version-history":[{"count":4,"href":"https:\/\/parafiatokarnia.pl\/index.php?rest_route=\/wp\/v2\/posts\/12288\/revisions"}],"predecessor-version":[{"id":12292,"href":"https:\/\/parafiatokarnia.pl\/index.php?rest_route=\/wp\/v2\/posts\/12288\/revisions\/12292"}],"wp:attachment":[{"href":"https:\/\/parafiatokarnia.pl\/index.php?rest_route=%2Fwp%2Fv2%2Fmedia&parent=12288"}],"wp:term":[{"taxonomy":"category","embeddable":true,"href":"https:\/\/parafiatokarnia.pl\/index.php?rest_route=%2Fwp%2Fv2%2Fcategories&post=12288"},{"taxonomy":"post_tag","embeddable":true,"href":"https:\/\/parafiatokarnia.pl\/index.php?rest_route=%2Fwp%2Fv2%2Ftags&post=12288"}],"curies":[{"name":"wp","href":"https:\/\/api.w.org\/{rel}","templated":true}]}}