{"id":12284,"date":"2025-06-07T09:05:05","date_gmt":"2025-06-07T09:05:05","guid":{"rendered":"https:\/\/parafiatokarnia.pl\/?p=12284"},"modified":"2025-06-07T09:12:54","modified_gmt":"2025-06-07T09:12:54","slug":"zeslanie-ducha-swietego-2025","status":"publish","type":"post","link":"https:\/\/parafiatokarnia.pl\/?p=12284","title":{"rendered":"ZES\u0141ANIE DUCHA \u015aWI\u0118TEGO 2025"},"content":{"rendered":"<p>W ubieg\u0142ym tygodniu odby\u0142 si\u0119 pogrzeb \u015bp. Gerolda Kaisera oraz \u015bp. Wiktorii Nawary. Pole\u0107my dusze Zmar\u0142ych Bo\u017cemu Mi\u0142osierdziu.<\/p>\n<p>Dzisiaj prze\u017cywamy Uroczysto\u015b\u0107 Zes\u0142ania Ducha \u015awietego, kt\u00f3ra ko\u0144czy okres wielkanocny. <\/p>\n<p>Dzi\u0119kujemy mieszka\u0144com roli Bier\u00f3wki za posprz\u0105tanie \u015bwi\u0105tyni oraz porz\u0105dki wok\u00f3\u0142 niej. O przygotowanie ko\u015bcio\u0142a w tym tygodniu prosimy mieszka\u0144c\u00f3w 2. cz\u0119\u015bci tej roli.<\/p>\n<p>Ofiar\u0119 na ko\u015bci\u00f3\u0142 z\u0142o\u017cyli rodzice: Ady Grubarek, Krystiana Wo\u017anego, Zuzanny P\u0119cek, Teodora Makuska, Mai Kubowicz i Stanis\u0142awa Grubarka przy okazji chrztu ich dzieci.<\/p>\n<p>Nabo\u017ce\u0144stwo czerwcowe dzisiaj o godz. 15.00. W tygodniu litani\u0119 do Naj\u015bwi\u0119tszego Serca Pana Jezusa w ramach nabo\u017ce\u0144stwa czerwcowego odmawiamy po mszy \u015bwi\u0119tej wieczornej.  <\/p>\n<p>Jutro \u015bwi\u0119to NMP, Matki Ko\u015bcio\u0142a. We czwartek \u015bwi\u0119to Jezusa Chrystusa Najwy\u017cszego i Wiecznego Kap\u0142ana. W pi\u0105tek wspomnienie \u015bw. Antoniego z Padwy, prezbitera i doktora Ko\u015bcio\u0142a. W sobot\u0119 wspomnienie b\u0142. Micha\u0142a Kozala, biskupa i m\u0119czennika.<\/p>\n<p>We \u015brod\u0119, po mszy \u015bw. wieczornej spotkanie Rady Parafialnej na plebanii.<\/p>\n<p>W najbli\u017csz\u0105 sobot\u0119 odb\u0119dzie si\u0119 Pielgrzymka Arcybractwa Stra\u017cy Honorowej Naj\u015bwi\u0119tszego Serca Pana Jezusa pod has\u0142em \u201eOdnale\u017a\u0107 nadziej\u0119 w Sercu\u201d do Sanktuari\u00f3w: \u015bw. Jana Paw\u0142a II i Bo\u017cego Mi\u0142osierdzia w Krakowie. Zapisy w zakrystii lub u p. Anny Hanusiak. Wyjazd autokaru o godz. 7.30 z parkingu sprzed ko\u015bcio\u0142a.<\/p>\n<p>W najbli\u017csz\u0105 niedziel\u0119 obchodzi\u0107 b\u0119dziemy Uroczysto\u015b\u0107 Naj\u015bwi\u0119tszej Tr\u00f3jcy. W archidiecezji krakowskiej ko\u0144czy ona okres spowiedzi i Komunii \u015awi\u0119tej wielkanocnej. W naszej parafii na mszy \u015bw. o godz. 9.00 dziewi\u0119ciu kandydat\u00f3w z\u0142o\u017cy przyrzeczenia ministranckie i zostanie przyj\u0119tych do grona Liturgicznej s\u0142u\u017cby O\u0142tarza. Do udzia\u0142u w uroczysto\u015bci zapraszamy rodzic\u00f3w i rodziny.<\/p>\n<p>Solenizantkom, Solenizantom tego tygodnia, Czcigodnym Jubilatom, nowo\u017ce\u0144com, kt\u00f3rzy stan\u0119li na \u015blubnym kobiercu sk\u0142adamy najlepsze \u017cyczenia: wielu Bo\u017cych \u0142ask oraz opieki Pani Tokarskiej na ka\u017cdy dzie\u0144. Wszystkim Go\u015bciom i naszym Parafianom \u017cyczymy b\u0142ogos\u0142awionej niedzieli.<\/p>\n","protected":false},"excerpt":{"rendered":"<p>W ubieg\u0142ym tygodniu odby\u0142 si\u0119 pogrzeb \u015bp. Gerolda Kaisera oraz \u015bp. Wiktorii Nawary. Pole\u0107my dusze Zmar\u0142ych Bo\u017cemu Mi\u0142osierdziu. Dzisiaj prze\u017cywamy Uroczysto\u015b\u0107 Zes\u0142ania Ducha \u015awietego, kt\u00f3ra ko\u0144czy okres wielkanocny. Dzi\u0119kujemy mieszka\u0144com roli Bier\u00f3wki za posprz\u0105tanie \u015bwi\u0105tyni oraz porz\u0105dki wok\u00f3\u0142 niej. O przygotowanie ko\u015bcio\u0142a w tym tygodniu prosimy mieszka\u0144c\u00f3w 2. cz\u0119\u015bci tej roli. Ofiar\u0119 na ko\u015bci\u00f3\u0142 z\u0142o\u017cyli [&hellip;]<\/p>\n","protected":false},"author":4,"featured_media":0,"comment_status":"closed","ping_status":"closed","sticky":false,"template":"","format":"standard","meta":{"footnotes":""},"categories":[6],"tags":[],"class_list":["post-12284","post","type-post","status-publish","format-standard","hentry","category-ogloszenia"],"_links":{"self":[{"href":"https:\/\/parafiatokarnia.pl\/index.php?rest_route=\/wp\/v2\/posts\/12284","targetHints":{"allow":["GET"]}}],"collection":[{"href":"https:\/\/parafiatokarnia.pl\/index.php?rest_route=\/wp\/v2\/posts"}],"about":[{"href":"https:\/\/parafiatokarnia.pl\/index.php?rest_route=\/wp\/v2\/types\/post"}],"author":[{"embeddable":true,"href":"https:\/\/parafiatokarnia.pl\/index.php?rest_route=\/wp\/v2\/users\/4"}],"replies":[{"embeddable":true,"href":"https:\/\/parafiatokarnia.pl\/index.php?rest_route=%2Fwp%2Fv2%2Fcomments&post=12284"}],"version-history":[{"count":3,"href":"https:\/\/parafiatokarnia.pl\/index.php?rest_route=\/wp\/v2\/posts\/12284\/revisions"}],"predecessor-version":[{"id":12287,"href":"https:\/\/parafiatokarnia.pl\/index.php?rest_route=\/wp\/v2\/posts\/12284\/revisions\/12287"}],"wp:attachment":[{"href":"https:\/\/parafiatokarnia.pl\/index.php?rest_route=%2Fwp%2Fv2%2Fmedia&parent=12284"}],"wp:term":[{"taxonomy":"category","embeddable":true,"href":"https:\/\/parafiatokarnia.pl\/index.php?rest_route=%2Fwp%2Fv2%2Fcategories&post=12284"},{"taxonomy":"post_tag","embeddable":true,"href":"https:\/\/parafiatokarnia.pl\/index.php?rest_route=%2Fwp%2Fv2%2Ftags&post=12284"}],"curies":[{"name":"wp","href":"https:\/\/api.w.org\/{rel}","templated":true}]}}