{"id":12281,"date":"2025-05-31T06:45:09","date_gmt":"2025-05-31T06:45:09","guid":{"rendered":"https:\/\/parafiatokarnia.pl\/?p=12281"},"modified":"2025-05-31T06:45:09","modified_gmt":"2025-05-31T06:45:09","slug":"wniebowstapienie-panskie-2025","status":"publish","type":"post","link":"https:\/\/parafiatokarnia.pl\/?p=12281","title":{"rendered":"WNIEBOWST\u0104PIENIE PA\u0143SKIE 2025"},"content":{"rendered":"<p>Dzi\u0119kujemy mieszka\u0144com r\u00f3l: Zagrody i Bryle za posprz\u0105tanie \u015bwi\u0105tyni, porz\u0105dki wok\u00f3\u0142 niej oraz za ofiar\u0119 z\u0142o\u017con\u0105 na ko\u015bci\u00f3\u0142. O przygotowanie ko\u015bcio\u0142a w tym tygodniu prosimy mieszka\u0144c\u00f3w roli Bier\u00f3wki, kt\u00f3r\u0105 podzielili\u015bmy na 2. cz\u0119\u015bci.<\/p>\n<p>Przy okazji mszy \u015bw. o urodzaje, kt\u00f3re b\u0119d\u0105 odprawiane w oktawie Bo\u017cego Cia\u0142a, ofiar\u0119 na ko\u015bci\u00f3\u0142 z\u0142o\u017cyli mieszka\u0144cy r\u00f3l: Szewcy; Kluski; Koty; U Lipki; Zamki; Hanuski; Koty; Bugaje; Kie\u0142tyki; Durki; Chlebierz\u00f3wka; Molusy; Brzegi; M\u0142yny, Tarn\u00f3w, Florki, Na Wysokiej; Przymiarki; Dziury, Kocury; Proszki; Fu\u0142y; Jurczaki, Debenosy; Kud\u0142y, Kasperki, Kanie; Dzia\u0142 Ni\u017cny. <\/p>\n<p>Dzi\u0119kujemy p. Dorocie Hanusiak i p. Bronis\u0142awowi Luberdzie za po\u015bwi\u0119cony bezinteresownie czas i transport kap\u0142ana do miejsc, gdzie co roku, tradycyjnie wsp\u00f3lnie modlili\u015bmy si\u0119 o dobre urodzaje. Dzi\u0119kujemy tak\u017ce za liczny udzia\u0142 w nabo\u017ce\u0144stwach majowych oraz za modlitw\u0119 podczas Dni Krzy\u017cowych: dziewczynkom, kt\u00f3re sypa\u0142y kwiaty i ch\u0142opcom z dzwoneczkami, uczestnicz\u0105cym w procesjach. <\/p>\n<p>Nabo\u017ce\u0144stwo czerwcowe dzisiaj o godz. 15.00. W tygodniu litani\u0119 do Naj\u015bwi\u0119tszego Serca Pana Jezusa w ramach nabo\u017ce\u0144stwa czerwcowego odmawia\u0107 b\u0119dziemy po zako\u0144czonej mszy \u015bwi\u0119tej wieczornej.<\/p>\n<p>Przed nami pierwszy czwartek miesi\u0105ca. Godzina \u015awi\u0119ta od godz. 17.00. Zapraszamy do spowiedzi zw\u0142aszcza dzieci po Pierwszej Komunii \u015awi\u0119tej, dzieci rocznicowe oraz m\u0142odzie\u017c przygotowuj\u0105c\u0105 si\u0119 do Sakramentu Bierzmowania.<\/p>\n<p>Pierwszy pi\u0105tek miesi\u0105ca. Po mszy \u015bw. porannej adoracja Naj\u015bwi\u0119tszego Sakramentu i modlitwy pierwszopi\u0105tkowe. Spowied\u017a \u015bwi\u0119ta od godz. 16.30. Na wieczorn\u0105 msz\u0119 \u015bw. zapraszamy kandydat\u00f3w do bierzmowania.<\/p>\n<p>Pierwsza sobota miesi\u0105ca. Po mszy \u015bw. rannej r\u00f3\u017caniec wynagradzaj\u0105cy. W tym dniu podczas mszy \u015bw. o godz. 18.00 do grona Stra\u017cy Honorowej NSPJ zostan\u0105 przyj\u0119ci jej nowi cz\u0142onkowie. Zach\u0119camy do wst\u0105pienia w szeregi Arcybractwa, kt\u00f3rego zadaniem jest m.in. pog\u0142\u0119bianie wiary, umacnianie \u017cycia apostolskiego i realizacja obowi\u0105zk\u00f3w rodzinnych i zawodowych w u\u015bwi\u0119caj\u0105cej mi\u0142o\u015bci Chrystusa. <\/p>\n<p>Informujemy, i\u017c 14 czerwca br. odb\u0119dzie si\u0119 40. Og\u00f3lnopolska Pielgrzymka Arcybractwa Stra\u017cy Honorowej Naj\u015bwi\u0119tszego Serca Pana Jezusa pod has\u0142em \u201eOdnale\u017a\u0107 nadziej\u0119 w Sercu\u201d do Sanktuari\u00f3w: \u015bw. Jana Paw\u0142a II i Bo\u017cego Mi\u0142osierdzia w Krakowie. Zapisy w zakrystii lub u p. Anny Hanusiak. Wyjazd autokaru o godz. 7.30 z parkingu sprzed ko\u015bcio\u0142a.<\/p>\n<p>Gospodarzami tegorocznych Do\u017cynek Parafialnych w Uroczysto\u015b\u0107 Wniebowzi\u0119cia NMP (15 sierpnia) b\u0119d\u0105 mieszka\u0144cy r\u00f3l: Urbany, Hoboty i Gwi\u017cd\u017ce.<\/p>\n<p>Solenizantkom, Solenizantom tego tygodnia, Czcigodnym Jubilatom sk\u0142adamy najlepsze \u017cyczenia: wielu Bo\u017cych \u0142ask oraz opieki Pani Tokarskiej na ka\u017cdy dzie\u0144. Wszystkim Go\u015bciom i naszym Parafianom \u017cyczymy b\u0142ogos\u0142awionej niedzieli.<\/p>\n","protected":false},"excerpt":{"rendered":"<p>Dzi\u0119kujemy mieszka\u0144com r\u00f3l: Zagrody i Bryle za posprz\u0105tanie \u015bwi\u0105tyni, porz\u0105dki wok\u00f3\u0142 niej oraz za ofiar\u0119 z\u0142o\u017con\u0105 na ko\u015bci\u00f3\u0142. O przygotowanie ko\u015bcio\u0142a w tym tygodniu prosimy mieszka\u0144c\u00f3w roli Bier\u00f3wki, kt\u00f3r\u0105 podzielili\u015bmy na 2. cz\u0119\u015bci. Przy okazji mszy \u015bw. o urodzaje, kt\u00f3re b\u0119d\u0105 odprawiane w oktawie Bo\u017cego Cia\u0142a, ofiar\u0119 na ko\u015bci\u00f3\u0142 z\u0142o\u017cyli mieszka\u0144cy r\u00f3l: Szewcy; Kluski; Koty; [&hellip;]<\/p>\n","protected":false},"author":4,"featured_media":0,"comment_status":"closed","ping_status":"closed","sticky":false,"template":"","format":"standard","meta":{"footnotes":""},"categories":[6],"tags":[],"class_list":["post-12281","post","type-post","status-publish","format-standard","hentry","category-ogloszenia"],"_links":{"self":[{"href":"https:\/\/parafiatokarnia.pl\/index.php?rest_route=\/wp\/v2\/posts\/12281","targetHints":{"allow":["GET"]}}],"collection":[{"href":"https:\/\/parafiatokarnia.pl\/index.php?rest_route=\/wp\/v2\/posts"}],"about":[{"href":"https:\/\/parafiatokarnia.pl\/index.php?rest_route=\/wp\/v2\/types\/post"}],"author":[{"embeddable":true,"href":"https:\/\/parafiatokarnia.pl\/index.php?rest_route=\/wp\/v2\/users\/4"}],"replies":[{"embeddable":true,"href":"https:\/\/parafiatokarnia.pl\/index.php?rest_route=%2Fwp%2Fv2%2Fcomments&post=12281"}],"version-history":[{"count":1,"href":"https:\/\/parafiatokarnia.pl\/index.php?rest_route=\/wp\/v2\/posts\/12281\/revisions"}],"predecessor-version":[{"id":12282,"href":"https:\/\/parafiatokarnia.pl\/index.php?rest_route=\/wp\/v2\/posts\/12281\/revisions\/12282"}],"wp:attachment":[{"href":"https:\/\/parafiatokarnia.pl\/index.php?rest_route=%2Fwp%2Fv2%2Fmedia&parent=12281"}],"wp:term":[{"taxonomy":"category","embeddable":true,"href":"https:\/\/parafiatokarnia.pl\/index.php?rest_route=%2Fwp%2Fv2%2Fcategories&post=12281"},{"taxonomy":"post_tag","embeddable":true,"href":"https:\/\/parafiatokarnia.pl\/index.php?rest_route=%2Fwp%2Fv2%2Ftags&post=12281"}],"curies":[{"name":"wp","href":"https:\/\/api.w.org\/{rel}","templated":true}]}}