{"id":12263,"date":"2025-07-07T00:29:42","date_gmt":"2025-07-07T00:29:42","guid":{"rendered":"https:\/\/parafiatokarnia.pl\/?p=12263"},"modified":"2025-05-28T19:30:21","modified_gmt":"2025-05-28T19:30:21","slug":"12263","status":"publish","type":"post","link":"https:\/\/parafiatokarnia.pl\/?p=12263","title":{"rendered":"7 lipca 2025 do 13 lipca 2025"},"content":{"rendered":"<p>Poniedzia\u0142ek 7 lipca 2025<br \/>\n18:00 + Krzysztof Makusek<\/p>\n<p>Wtorek 8 lipca 2025<br \/>\n07:00 + Krzysztof Makusek<\/p>\n<p>\u015aroda 9 lipca 2025<br \/>\n18:00 Za Parafian<\/p>\n<p>Czwartek 10 lipca 2025<br \/>\n07:00 + Krzysztof Makusek<\/p>\n<p>Pi\u0105tek 11 lipca 2025<br \/>\n18:00 Za Zmar\u0142ych   <\/p>\n<p>Sobota 12 lipca 2025<br \/>\n18:00 + Krzysztof Makusek<\/p>\n<p>Niedziela 13 lipca 2025<br \/>\n07:00  W podzi\u0119kowaniu za wszystkie otrzymane \u0142aski, z pro\u015bb\u0105 o dalsze Bo\u017ce b\u0142ogos\u0142awie\u0144stwo i opiek\u0119 Matki Bo\u017cej \u015anie\u017cnej, Pani Pi\u0119knej Mi\u0142o\u015bci dla Danuty   i Tadeusza z okazji 45. rocznicy \u015blubu<br \/>\n09:00 + Mieczys\u0142aw Bruzda \u2013 4. rocznica \u015bmierci<br \/>\n11:00 + Kazimierz Pachura<br \/>\n15:30 + Krzysztof Wr\u00f3bel \u2013 12. rocznica \u015bmierci<\/p>\n","protected":false},"excerpt":{"rendered":"<p>Poniedzia\u0142ek 7 lipca 2025 18:00 + Krzysztof Makusek Wtorek 8 lipca 2025 07:00 + Krzysztof Makusek \u015aroda 9 lipca 2025 18:00 Za Parafian Czwartek 10 lipca 2025 07:00 + Krzysztof Makusek Pi\u0105tek 11 lipca 2025 18:00 Za Zmar\u0142ych Sobota 12 lipca 2025 18:00 + Krzysztof Makusek Niedziela 13 lipca 2025 07:00 W podzi\u0119kowaniu za wszystkie [&hellip;]<\/p>\n","protected":false},"author":4,"featured_media":0,"comment_status":"closed","ping_status":"closed","sticky":false,"template":"","format":"standard","meta":{"footnotes":""},"categories":[22],"tags":[],"class_list":["post-12263","post","type-post","status-publish","format-standard","hentry","category-intencje"],"_links":{"self":[{"href":"https:\/\/parafiatokarnia.pl\/index.php?rest_route=\/wp\/v2\/posts\/12263","targetHints":{"allow":["GET"]}}],"collection":[{"href":"https:\/\/parafiatokarnia.pl\/index.php?rest_route=\/wp\/v2\/posts"}],"about":[{"href":"https:\/\/parafiatokarnia.pl\/index.php?rest_route=\/wp\/v2\/types\/post"}],"author":[{"embeddable":true,"href":"https:\/\/parafiatokarnia.pl\/index.php?rest_route=\/wp\/v2\/users\/4"}],"replies":[{"embeddable":true,"href":"https:\/\/parafiatokarnia.pl\/index.php?rest_route=%2Fwp%2Fv2%2Fcomments&post=12263"}],"version-history":[{"count":2,"href":"https:\/\/parafiatokarnia.pl\/index.php?rest_route=\/wp\/v2\/posts\/12263\/revisions"}],"predecessor-version":[{"id":12265,"href":"https:\/\/parafiatokarnia.pl\/index.php?rest_route=\/wp\/v2\/posts\/12263\/revisions\/12265"}],"wp:attachment":[{"href":"https:\/\/parafiatokarnia.pl\/index.php?rest_route=%2Fwp%2Fv2%2Fmedia&parent=12263"}],"wp:term":[{"taxonomy":"category","embeddable":true,"href":"https:\/\/parafiatokarnia.pl\/index.php?rest_route=%2Fwp%2Fv2%2Fcategories&post=12263"},{"taxonomy":"post_tag","embeddable":true,"href":"https:\/\/parafiatokarnia.pl\/index.php?rest_route=%2Fwp%2Fv2%2Ftags&post=12263"}],"curies":[{"name":"wp","href":"https:\/\/api.w.org\/{rel}","templated":true}]}}