{"id":12255,"date":"2025-06-02T00:40:00","date_gmt":"2025-06-02T00:40:00","guid":{"rendered":"https:\/\/parafiatokarnia.pl\/?p=12255"},"modified":"2025-05-28T18:41:15","modified_gmt":"2025-05-28T18:41:15","slug":"12255","status":"publish","type":"post","link":"https:\/\/parafiatokarnia.pl\/?p=12255","title":{"rendered":"2 czerwca 2025 do 8 czerwca 2025"},"content":{"rendered":"<p>Poniedzia\u0142ek 2 czerwca 2025<br \/>\n07:00 + Ks. Tadeusz S\u0142onina<br \/>\n18:00 + Eugeniusz Dyrcz<\/p>\n<p>Wtorek 3 czerwca 2025<br \/>\n07:00 + Eugeniusz Dyrcz<br \/>\n18:00 + Ks. Tadeusz S\u0142onina<\/p>\n<p>\u015aroda 4 czerwca 2025<br \/>\n07:00 + Eugeniusz Dyrcz<br \/>\n18:00 Za Parafian<\/p>\n<p>Czwartek 5 czerwca 2025<br \/>\n07:00 + Eugeniusz Dyrcz<br \/>\n18:00 Wynagradzaj\u0105ca za grzechy pope\u0142nione przeciwko Eucharystii<\/p>\n<p>Pi\u0105tek 6 czerwca 2025<br \/>\n07:00 Wynagradzaj\u0105ca za grzechy pope\u0142nione przeciwko Naj\u015bwi\u0119tszemu Sercu Pana Jezusa<br \/>\n18:00 Za Zmar\u0142ych   <\/p>\n<p>Sobota 7 czerwca 2025<br \/>\n07:00 Wynagradzaj\u0105ca za grzechy pope\u0142nione przeciwko Niepokalanemu Sercu NMP<br \/>\n18:00 Dzi\u0119kuj\u0105c za otrzymane \u0142aski, z pro\u015bb\u0105 o Bo\u017ce b\u0142ogos\u0142awie\u0144stwo i opiek\u0119 Matki Bo\u017cej \u015anie\u017cnej dla cz\u0142onki\u0144 i cz\u0142onk\u00f3w Arcybractwa Stra\u017cy Honorowej NSPJ oraz czcicieli Niepokalanego Serca NMP<\/p>\n<p>Niedziela 8 czerwca 2025<br \/>\n07:00 + Teresa Tomal<br \/>\n09:00 + Stanis\u0142aw Miko\u0142ajczyk \u2013 7. rocznica \u015bmierci<br \/>\n11:00 W podzi\u0119kowaniu za otrzymane \u0142aski, z pro\u015bb\u0105 o dalsze Bo\u017ce b\u0142ogos\u0142awie\u0144stwo i opiek\u0119 Matki Bo\u017cej \u015anie\u017cnej dla Antosia z okazji 1. rocznicy urodzin<br \/>\n15:30 + Bibianna Kluska \u2013 7. rocznica \u015bmierci<\/p>\n","protected":false},"excerpt":{"rendered":"<p>Poniedzia\u0142ek 2 czerwca 2025 07:00 + Ks. Tadeusz S\u0142onina 18:00 + Eugeniusz Dyrcz Wtorek 3 czerwca 2025 07:00 + Eugeniusz Dyrcz 18:00 + Ks. Tadeusz S\u0142onina \u015aroda 4 czerwca 2025 07:00 + Eugeniusz Dyrcz 18:00 Za Parafian Czwartek 5 czerwca 2025 07:00 + Eugeniusz Dyrcz 18:00 Wynagradzaj\u0105ca za grzechy pope\u0142nione przeciwko Eucharystii Pi\u0105tek 6 czerwca [&hellip;]<\/p>\n","protected":false},"author":4,"featured_media":0,"comment_status":"closed","ping_status":"closed","sticky":false,"template":"","format":"standard","meta":{"footnotes":""},"categories":[22],"tags":[],"class_list":["post-12255","post","type-post","status-publish","format-standard","hentry","category-intencje"],"_links":{"self":[{"href":"https:\/\/parafiatokarnia.pl\/index.php?rest_route=\/wp\/v2\/posts\/12255","targetHints":{"allow":["GET"]}}],"collection":[{"href":"https:\/\/parafiatokarnia.pl\/index.php?rest_route=\/wp\/v2\/posts"}],"about":[{"href":"https:\/\/parafiatokarnia.pl\/index.php?rest_route=\/wp\/v2\/types\/post"}],"author":[{"embeddable":true,"href":"https:\/\/parafiatokarnia.pl\/index.php?rest_route=\/wp\/v2\/users\/4"}],"replies":[{"embeddable":true,"href":"https:\/\/parafiatokarnia.pl\/index.php?rest_route=%2Fwp%2Fv2%2Fcomments&post=12255"}],"version-history":[{"count":2,"href":"https:\/\/parafiatokarnia.pl\/index.php?rest_route=\/wp\/v2\/posts\/12255\/revisions"}],"predecessor-version":[{"id":12257,"href":"https:\/\/parafiatokarnia.pl\/index.php?rest_route=\/wp\/v2\/posts\/12255\/revisions\/12257"}],"wp:attachment":[{"href":"https:\/\/parafiatokarnia.pl\/index.php?rest_route=%2Fwp%2Fv2%2Fmedia&parent=12255"}],"wp:term":[{"taxonomy":"category","embeddable":true,"href":"https:\/\/parafiatokarnia.pl\/index.php?rest_route=%2Fwp%2Fv2%2Fcategories&post=12255"},{"taxonomy":"post_tag","embeddable":true,"href":"https:\/\/parafiatokarnia.pl\/index.php?rest_route=%2Fwp%2Fv2%2Ftags&post=12255"}],"curies":[{"name":"wp","href":"https:\/\/api.w.org\/{rel}","templated":true}]}}