{"id":12245,"date":"2025-05-24T07:24:54","date_gmt":"2025-05-24T07:24:54","guid":{"rendered":"https:\/\/parafiatokarnia.pl\/?p=12245"},"modified":"2025-05-24T07:38:21","modified_gmt":"2025-05-24T07:38:21","slug":"6-niedziela-wielkanocna-2025","status":"publish","type":"post","link":"https:\/\/parafiatokarnia.pl\/?p=12245","title":{"rendered":"6. NIEDZIELA WIELKANOCNA 2025"},"content":{"rendered":"<p>W ubieg\u0142ym tygodniu po\u017cegnali\u015bmy \u015bp. Michalin\u0119 Funek, \u015bp. Boles\u0142awa Sarn\u0119, \u015bp. Piotra Barglika i \u015bp. Juliana Barglika. Pole\u0107my dusze naszych Zmar\u0142ych Bo\u017cemu Mi\u0142osierdziu.<\/p>\n<p>Dzi\u0119kujemy rodzicom dzieci rocznicowych za posprz\u0105tanie \u015bwi\u0105tyni, za porz\u0105dki wok\u00f3\u0142 niej oraz za dar materialny z\u0142o\u017cony na potrzeby ko\u015bcio\u0142a. Dzi\u0119kujemy ks. Krzysztofowi, S\u0142u\u017cbie Ko\u015bcielnej, p. Teresie Hans za przeprowadzenie pr\u00f3b \u015bpiewu oraz przygotowanie liturgii. O przygotowanie ko\u015bcio\u0142a w tym tygodniu prosimy mieszka\u0144c\u00f3w r\u00f3l: Bryle i Zagrody.<\/p>\n<p>Dzi\u0119kujemy dzieciom komunijnym za materialne wparcie misji. Ofiar\u0119 na ko\u015bci\u00f3\u0142 z\u0142o\u017cy\u0142 Benedykt Kania.<\/p>\n<p>Prace renowacyjne o\u0142tarza bocznego wspar\u0142a materialnie R\u00f3\u017ca R\u00f3\u017ca\u0144cowa pw. Matki Bo\u017cej Wspomo\u017cycielki Wiernych. Przy okazji mszy \u015bw. o urodzaje, kt\u00f3re b\u0119d\u0105 odprawiane w oktawie Bo\u017cego Cia\u0142a, ofiar\u0119 na ko\u015bci\u00f3\u0142 z\u0142o\u017cyli mieszka\u0144cy r\u00f3l: Dziubras Dolny, G\u0119bki, Bryle, Zagrody, Wierdonki, Bier\u00f3wki; Dziubras G\u00f3rny, Kostruchy, Knapy, Madonie; Dzio\u0142ek, J\u0105tyki, Per\u0142y, Pawlaki; Granica, Parchule, Urbany, Hoboty i Gwi\u017cd\u017ce; Morgi, \u0141ocki, Luberdy,  Przysop, Domy pod Lasem; Blychy.<\/p>\n<p>Dzisiaj, po zako\u0144czonej mszy \u015bwi\u0119tej popo\u0142udniowej wyruszymy, aby po\u015bwi\u0119ci\u0107 nasze pola, sady i ogrody. Prosimy o zg\u0142oszenie, bezpo\u015brednio po zako\u0144czeniu mszy \u015bw. dw\u00f3ch kierowc\u00f3w (jednego z Tokarni, a drugiego z Wi\u0119cierzy), kt\u00f3rzy zawioz\u0105 kap\u0142ana do miejsc, gdzie co roku, tradycyjnie spotykamy si\u0119, aby si\u0119 wsp\u00f3lnie modli\u0107 o dobre urodzaje. O godzinie 16.30 wyjedziemy (o ile zg\u0142osz\u0105 si\u0119 ch\u0119tni kierowcy) z parkingu sprzed plebanii.<\/p>\n<p>Nabo\u017ce\u0144stwa majowe odprawiamy codziennie o godz. 17.30, a w niedziel\u0119 o godzinie 15.00. Zapraszamy dzieci, m\u0142odzie\u017c i doros\u0142ych do wsp\u00f3lnej modlitwy. <\/p>\n<p>W sobot\u0119 przypada \u015bwi\u0119to Nawiedzenia NMP. Zako\u0144czenie nabo\u017ce\u0144stw majowych z procesj\u0105 o godz. 17.30. Zapraszamy dziewczynki do sypania kwiat\u00f3w i ch\u0142opc\u00f3w z dzwoneczkami. <\/p>\n<p>Za tydzie\u0144 w niedziel\u0119 z racji 1. niedzieli miesi\u0105ca na mszy \u015bw. o godz. 15.30 b\u0119dziemy tradycyjnie modli\u0107 si\u0119 za dusze w czy\u015b\u0107cu cierpi\u0105ce. Od godz. 14.00 adoracja Naj\u015bwi\u0119tszego Sakramentu na kt\u00f3r\u0105 zaprasza Apostolstwo Pomocy Duszom w Czy\u015b\u0107cu Ciepi\u0105cym.<\/p>\n<p>W tym roku o przygotowanie 4. o\u0142tarzy na Bo\u017ce Cia\u0142o (19 czerwca) prosimy: 1 o\u0142tarz (przed cmentarzem) tradycyjnie ch\u0119\u0107 budowy o\u0142tarza zadeklarowali mieszka\u0144cy: Osiedla G\u00f3rnego, Domu Nauczyciela i Pa\u0144stwo Kowalikowie; 2. o\u0142tarz (obok cukierni) \u2013 mieszka\u0144cy r\u00f3l: Kie\u0142tyki i Durki; 3. o\u0142tarz (obok Remizy OSP) \u2013 mieszka\u0144cy r\u00f3l: Knapy i Bugaje; 4. o\u0142tarz przy figurze Jezusa Frasobliwego obok dzwonnicy) \u2013 mieszka\u0144cy roli Wierdonki.<\/p>\n<p>Dzisiaj, w godz. od 8.00 do 12.00 w Przychodni w Krzczonowie przeprowadzana jest przez Rejonowy Punkt Krwiodawstwa w My\u015blenicach akcja oddawania krwi. Zach\u0119camy do udzia\u0142u.<\/p>\n<p>W\u00f3jt gminy Tokarnia oraz Forum Gmin Beskidu Wyspowego serdecznie zapraszaj\u0105 na XVI akcj\u0119 Odkryj Beskid Wyspowy. W niedziel\u0119 1 czerwca rozpoczynamy w\u0119drowanie od Urbaniej G\u00f3ry. Zbi\u00f3rka przed Urz\u0119dem Gminy w Tokarni o godz. 9.00. Nast\u0119pnie wyj\u015bcie na Urbani\u0105 G\u00f3r\u0119, gdzie o godz. 11.00 zostanie odprawiona plenerowa msza \u015bwi\u0119ta. Na zako\u0144czenie ma\u0142y pocz\u0119stunek dla wszystkich w\u0119drowc\u00f3w przygotowany przez KGW z Bogdan\u00f3wki i Skomielnej Czarnej.<\/p>\n<p>Solenizantkom, Solenizantom tego tygodnia, Czcigodnym Jubilatom, jak r\u00f3wnie\u017c dzieciom, kt\u00f3re dzisiaj obchodz\u0105 rocznic\u0119 Pierwszej Komunii \u015awi\u0119tej sk\u0142adamy najlepsze \u017cyczenia: wielu Bo\u017cych \u0142ask oraz opieki Pani Tokarskiej na ka\u017cdy dzie\u0144. Wszystkim Go\u015bciom i naszym Parafianom \u017cyczymy b\u0142ogos\u0142awionej niedzieli.<\/p>\n","protected":false},"excerpt":{"rendered":"<p>W ubieg\u0142ym tygodniu po\u017cegnali\u015bmy \u015bp. Michalin\u0119 Funek, \u015bp. Boles\u0142awa Sarn\u0119, \u015bp. Piotra Barglika i \u015bp. Juliana Barglika. Pole\u0107my dusze naszych Zmar\u0142ych Bo\u017cemu Mi\u0142osierdziu. Dzi\u0119kujemy rodzicom dzieci rocznicowych za posprz\u0105tanie \u015bwi\u0105tyni, za porz\u0105dki wok\u00f3\u0142 niej oraz za dar materialny z\u0142o\u017cony na potrzeby ko\u015bcio\u0142a. Dzi\u0119kujemy ks. Krzysztofowi, S\u0142u\u017cbie Ko\u015bcielnej, p. Teresie Hans za przeprowadzenie pr\u00f3b \u015bpiewu oraz [&hellip;]<\/p>\n","protected":false},"author":4,"featured_media":0,"comment_status":"closed","ping_status":"closed","sticky":false,"template":"","format":"standard","meta":{"footnotes":""},"categories":[6],"tags":[],"class_list":["post-12245","post","type-post","status-publish","format-standard","hentry","category-ogloszenia"],"_links":{"self":[{"href":"https:\/\/parafiatokarnia.pl\/index.php?rest_route=\/wp\/v2\/posts\/12245","targetHints":{"allow":["GET"]}}],"collection":[{"href":"https:\/\/parafiatokarnia.pl\/index.php?rest_route=\/wp\/v2\/posts"}],"about":[{"href":"https:\/\/parafiatokarnia.pl\/index.php?rest_route=\/wp\/v2\/types\/post"}],"author":[{"embeddable":true,"href":"https:\/\/parafiatokarnia.pl\/index.php?rest_route=\/wp\/v2\/users\/4"}],"replies":[{"embeddable":true,"href":"https:\/\/parafiatokarnia.pl\/index.php?rest_route=%2Fwp%2Fv2%2Fcomments&post=12245"}],"version-history":[{"count":4,"href":"https:\/\/parafiatokarnia.pl\/index.php?rest_route=\/wp\/v2\/posts\/12245\/revisions"}],"predecessor-version":[{"id":12251,"href":"https:\/\/parafiatokarnia.pl\/index.php?rest_route=\/wp\/v2\/posts\/12245\/revisions\/12251"}],"wp:attachment":[{"href":"https:\/\/parafiatokarnia.pl\/index.php?rest_route=%2Fwp%2Fv2%2Fmedia&parent=12245"}],"wp:term":[{"taxonomy":"category","embeddable":true,"href":"https:\/\/parafiatokarnia.pl\/index.php?rest_route=%2Fwp%2Fv2%2Fcategories&post=12245"},{"taxonomy":"post_tag","embeddable":true,"href":"https:\/\/parafiatokarnia.pl\/index.php?rest_route=%2Fwp%2Fv2%2Ftags&post=12245"}],"curies":[{"name":"wp","href":"https:\/\/api.w.org\/{rel}","templated":true}]}}