{"id":12240,"date":"2025-05-19T10:46:52","date_gmt":"2025-05-19T10:46:52","guid":{"rendered":"https:\/\/parafiatokarnia.pl\/?p=12240"},"modified":"2025-05-19T10:46:52","modified_gmt":"2025-05-19T10:46:52","slug":"5-niedziela-wielkanocna-2025","status":"publish","type":"post","link":"https:\/\/parafiatokarnia.pl\/?p=12240","title":{"rendered":"5. NIEDZIELA WIELKANOCNA 2025"},"content":{"rendered":"<p>Zmar\u0142a \u015bp. Michalina Funek z roli Osiedle G\u00f3rne. Pogrzeb, jutro o godz. 14.00. P\u00f3\u0142 godziny wcze\u015bniej odm\u00f3wimy przy trumnie naszej Zmar\u0142ej Siostry Michaliny modlitw\u0119 r\u00f3\u017ca\u0144cow\u0105. Pole\u0107my Jej dusz\u0119 Bo\u017cemu Mi\u0142osierdziu.<\/p>\n<p>Dzi\u0119kujemy rodzicom dzieci pierwszokomunijnych za wynaj\u0119cie profesjonalnej firmy do umycia wszystkich okien w naszej \u015bwi\u0105tyni, nawet tych, do kt\u00f3rych utrudniony jest dost\u0119p, w g\u00f3rnych partiach naszego ko\u015bcio\u0142a. Dzi\u0119kujemy za posprz\u0105tanie \u015bwi\u0105tyni, za porz\u0105dki wok\u00f3\u0142 niej, za wykonanie wymownej dekoracji oraz za dar materialny z\u0142o\u017cony na potrzeby ko\u015bcio\u0142a.                 Dzi\u0119kujemy ks. Krzysztofowi, S\u0142u\u017cbie Ko\u015bcielnej, p. Marcie Ko\u0142odziej za przeprowadzenie pr\u00f3b \u015bpiewu oraz przygotowanie liturgii. O przygotowanie ko\u015bcio\u0142a w tym tygodniu prosimy rodzic\u00f3w dzieci rocznicowych. <\/p>\n<p>Sprz\u0105taj\u0105cych prosimy, aby zwracali szczeg\u00f3ln\u0105 uwag\u0119 na pokryte z\u0142otem elementy o\u0142tarza. Do czyszczenia element\u00f3w z\u0142oconych u\u017cywajmy specjalnych miote\u0142ek do kurzu.  <\/p>\n<p>Ofiar\u0119 na ko\u015bci\u00f3\u0142 z\u0142o\u017cy\u0142a Wiktoria Nawara. <\/p>\n<p>Dzisiejsza sk\u0142adka, z racji trzeciej niedzieli miesi\u0105ca, przeznaczona na potrzeby naszej parafii. Wszystkim, kt\u00f3rzy \u017cyczliwym s\u0142owem oraz darem ofiarnym wspieraj\u0105 renowacj\u0119 bocznego o\u0142tarza NSPJ, jak r\u00f3wnie\u017c systematycznie dbaj\u0105 o pi\u0119kno naszej parafialnej \u015bwi\u0105tyni, sk\u0142adamy serdeczne: B\u00f3g zap\u0142a\u0107! <\/p>\n<p>Jutro na mszy \u015bw. wieczornej b\u0119dziemy modli\u0107 si\u0119 w intencji \u015bp. ks. pra\u0142ata Jana Macha w kolejn\u0105 rocznic\u0119 \u015bmierci.<\/p>\n<p>W sobot\u0119 wspomnienie NMP Wspomo\u017cycielki Wiernych.<\/p>\n<p>W przysz\u0142\u0105 niedziel\u0119 na mszy \u015bw. o godz. 11.00 b\u0119dziemy prze\u017cywa\u0107 rocznic\u0119 Pierwszej Komunii \u015awi\u0119tej.<\/p>\n<p>Za tydzie\u0144, w przysz\u0142\u0105 niedziel\u0119, po zako\u0144czonej mszy \u015bwi\u0119tej popo\u0142udniowej wyruszymy, aby po\u015bwi\u0119ci\u0107 nasze pola, sady i ogrody. O godzinie 16.30 czekamy na dw\u00f3ch kierowc\u00f3w (jednego z Tokarni, a drugiego z Wi\u0119cierzy), kt\u00f3rzy zawioz\u0105 kap\u0142ana do miejsc, gdzie co roku spotykamy si\u0119, aby si\u0119 wsp\u00f3lnie modli\u0107 o dobre urodzaje.<\/p>\n<p>Nabo\u017ce\u0144stwa majowe odprawiamy codziennie o godz. 17.30, a w niedziel\u0119 o godzinie 15.00. Zapraszamy dzieci, m\u0142odzie\u017c i doros\u0142ych do wsp\u00f3lnej modlitwy. <\/p>\n<p>W tym roku o przygotowanie 4. o\u0142tarzy na Bo\u017ce Cia\u0142o prosimy: 1 o\u0142tarz (przed cmentarzem) tradycyjnie mieszka\u0144cy: Osiedla G\u00f3rnego, Domu Nauczyciela, Pa\u0144stwo Kowalikowie; 2. o\u0142tarz (obok cukierni) \u2013 mieszka\u0144cy r\u00f3l: Kie\u0142tyki i Durki; 3. o\u0142tarz (obok Remizy OSP) \u2013 mieszka\u0144cy r\u00f3l: Knapy i Bugaje; 4. o\u0142tarz przy figurze Jezusa Frasobliwego obok dzwonnicy) \u2013 mieszka\u0144cy roli Wierdonki.<\/p>\n<p>Solenizantkom, Solenizantom tego tygodnia, Czcigodnym Jubilatom, jak r\u00f3wnie\u017c dzieciom, kt\u00f3re dzisiaj przyst\u0105pi\u0105 (przyst\u0105pi\u0142y) do Pierwszej Komunii \u015awi\u0119tej sk\u0142adamy najlepsze \u017cyczenia: wielu Bo\u017cych \u0142ask oraz opieki Pani Tokarskiej na ka\u017cdy dzie\u0144. Wszystkim Go\u015bciom i naszym Parafianom \u017cyczymy b\u0142ogos\u0142awionej niedzieli.<\/p>\n","protected":false},"excerpt":{"rendered":"<p>Zmar\u0142a \u015bp. Michalina Funek z roli Osiedle G\u00f3rne. Pogrzeb, jutro o godz. 14.00. P\u00f3\u0142 godziny wcze\u015bniej odm\u00f3wimy przy trumnie naszej Zmar\u0142ej Siostry Michaliny modlitw\u0119 r\u00f3\u017ca\u0144cow\u0105. Pole\u0107my Jej dusz\u0119 Bo\u017cemu Mi\u0142osierdziu. Dzi\u0119kujemy rodzicom dzieci pierwszokomunijnych za wynaj\u0119cie profesjonalnej firmy do umycia wszystkich okien w naszej \u015bwi\u0105tyni, nawet tych, do kt\u00f3rych utrudniony jest dost\u0119p, w g\u00f3rnych partiach [&hellip;]<\/p>\n","protected":false},"author":4,"featured_media":0,"comment_status":"closed","ping_status":"closed","sticky":false,"template":"","format":"standard","meta":{"footnotes":""},"categories":[6],"tags":[],"class_list":["post-12240","post","type-post","status-publish","format-standard","hentry","category-ogloszenia"],"_links":{"self":[{"href":"https:\/\/parafiatokarnia.pl\/index.php?rest_route=\/wp\/v2\/posts\/12240","targetHints":{"allow":["GET"]}}],"collection":[{"href":"https:\/\/parafiatokarnia.pl\/index.php?rest_route=\/wp\/v2\/posts"}],"about":[{"href":"https:\/\/parafiatokarnia.pl\/index.php?rest_route=\/wp\/v2\/types\/post"}],"author":[{"embeddable":true,"href":"https:\/\/parafiatokarnia.pl\/index.php?rest_route=\/wp\/v2\/users\/4"}],"replies":[{"embeddable":true,"href":"https:\/\/parafiatokarnia.pl\/index.php?rest_route=%2Fwp%2Fv2%2Fcomments&post=12240"}],"version-history":[{"count":1,"href":"https:\/\/parafiatokarnia.pl\/index.php?rest_route=\/wp\/v2\/posts\/12240\/revisions"}],"predecessor-version":[{"id":12241,"href":"https:\/\/parafiatokarnia.pl\/index.php?rest_route=\/wp\/v2\/posts\/12240\/revisions\/12241"}],"wp:attachment":[{"href":"https:\/\/parafiatokarnia.pl\/index.php?rest_route=%2Fwp%2Fv2%2Fmedia&parent=12240"}],"wp:term":[{"taxonomy":"category","embeddable":true,"href":"https:\/\/parafiatokarnia.pl\/index.php?rest_route=%2Fwp%2Fv2%2Fcategories&post=12240"},{"taxonomy":"post_tag","embeddable":true,"href":"https:\/\/parafiatokarnia.pl\/index.php?rest_route=%2Fwp%2Fv2%2Ftags&post=12240"}],"curies":[{"name":"wp","href":"https:\/\/api.w.org\/{rel}","templated":true}]}}