{"id":12237,"date":"2025-05-19T00:55:54","date_gmt":"2025-05-19T00:55:54","guid":{"rendered":"https:\/\/parafiatokarnia.pl\/?p=12237"},"modified":"2025-05-20T17:27:39","modified_gmt":"2025-05-20T17:27:39","slug":"19-maja-2025-do-25-maja-2025","status":"publish","type":"post","link":"https:\/\/parafiatokarnia.pl\/?p=12237","title":{"rendered":"19 maja 2025 do 25 maja 2025"},"content":{"rendered":"<p>Poniedzia\u0142ek 19 maja 2025<br \/>\n07:00 + Katarzyna Hanusiak \u2013 od wnuczki Anny z Grzegorzem<br \/>\n18:00 + Ks. pra\u0142at Jan Mach<\/p>\n<p>Wtorek 20 maja 2025<br \/>\n07:00 + Ks. Tadeusz S\u0142onina<br \/>\n18:00 + Katarzyna Hanusiak \u2013 od wnuczki Beaty<\/p>\n<p>\u015aroda 21 maja 2025<br \/>\n07:00 +  Katarzyna Hanusiak \u2013 od wnuka Przemys\u0142awa z rodzin\u0105<br \/>\n18:00 Za Parafian<\/p>\n<p>Czwartek 22 maja 2025<br \/>\n07:00 + Ks. Tadeusz S\u0142onina<br \/>\n18:00  + Katarzyna Hanusiak \u2013 od wnuka Dariusza z rodzin\u0105<\/p>\n<p>Pi\u0105tek 23 maja 2025<br \/>\n07:00 + Katarzyna Hanusiak \u2013 od wnuka \u0141ukasza z rodzin\u0105<br \/>\n18:00 Za Zmar\u0142ych   <\/p>\n<p>Sobota 24 maja 2025<br \/>\n07:00 + Katarzyna Hanusiak \u2013 od wnuka Jacka<br \/>\n18:00 W podzi\u0119kowaniu za otrzymane \u0142aski z pro\u015bb\u0105 o dalsze Bo\u017ce b\u0142ogos\u0142awie\u0144stwo, \u0142ask\u0119 zdrowia i opiek\u0119 Matki Bo\u017cej \u015anie\u017cnej dla R\u00f3\u017cy R\u00f3\u017ca\u0144cowej Matki Bo\u017cej Wspomo\u017cycielki Wiernych<\/p>\n<p>Niedziela 25 maja 2025<br \/>\n07:00 + Magdalena Osielczak<br \/>\n09:00 + Maria Filipek (20. rocznica \u015bmierci) + Piotr, m\u0105\u017c<br \/>\n11:00 Rocznica Pierwszej Komunii \u015awi\u0119tej<br \/>\n15:30 + Anna J\u0105tyka + J\u00f3zef, m\u0105\u017c; + Stefania + Walenty<\/p>\n","protected":false},"excerpt":{"rendered":"<p>Poniedzia\u0142ek 19 maja 2025 07:00 + Katarzyna Hanusiak \u2013 od wnuczki Anny z Grzegorzem 18:00 + Ks. pra\u0142at Jan Mach Wtorek 20 maja 2025 07:00 + Ks. Tadeusz S\u0142onina 18:00 + Katarzyna Hanusiak \u2013 od wnuczki Beaty \u015aroda 21 maja 2025 07:00 + Katarzyna Hanusiak \u2013 od wnuka Przemys\u0142awa z rodzin\u0105 18:00 Za Parafian Czwartek [&hellip;]<\/p>\n","protected":false},"author":4,"featured_media":0,"comment_status":"closed","ping_status":"closed","sticky":false,"template":"","format":"standard","meta":{"footnotes":""},"categories":[22],"tags":[],"class_list":["post-12237","post","type-post","status-publish","format-standard","hentry","category-intencje"],"_links":{"self":[{"href":"https:\/\/parafiatokarnia.pl\/index.php?rest_route=\/wp\/v2\/posts\/12237","targetHints":{"allow":["GET"]}}],"collection":[{"href":"https:\/\/parafiatokarnia.pl\/index.php?rest_route=\/wp\/v2\/posts"}],"about":[{"href":"https:\/\/parafiatokarnia.pl\/index.php?rest_route=\/wp\/v2\/types\/post"}],"author":[{"embeddable":true,"href":"https:\/\/parafiatokarnia.pl\/index.php?rest_route=\/wp\/v2\/users\/4"}],"replies":[{"embeddable":true,"href":"https:\/\/parafiatokarnia.pl\/index.php?rest_route=%2Fwp%2Fv2%2Fcomments&post=12237"}],"version-history":[{"count":2,"href":"https:\/\/parafiatokarnia.pl\/index.php?rest_route=\/wp\/v2\/posts\/12237\/revisions"}],"predecessor-version":[{"id":12244,"href":"https:\/\/parafiatokarnia.pl\/index.php?rest_route=\/wp\/v2\/posts\/12237\/revisions\/12244"}],"wp:attachment":[{"href":"https:\/\/parafiatokarnia.pl\/index.php?rest_route=%2Fwp%2Fv2%2Fmedia&parent=12237"}],"wp:term":[{"taxonomy":"category","embeddable":true,"href":"https:\/\/parafiatokarnia.pl\/index.php?rest_route=%2Fwp%2Fv2%2Fcategories&post=12237"},{"taxonomy":"post_tag","embeddable":true,"href":"https:\/\/parafiatokarnia.pl\/index.php?rest_route=%2Fwp%2Fv2%2Ftags&post=12237"}],"curies":[{"name":"wp","href":"https:\/\/api.w.org\/{rel}","templated":true}]}}