{"id":12223,"date":"2025-05-02T08:51:18","date_gmt":"2025-05-02T08:51:18","guid":{"rendered":"https:\/\/parafiatokarnia.pl\/?p=12223"},"modified":"2025-05-02T08:51:18","modified_gmt":"2025-05-02T08:51:18","slug":"uroczystosc-nmp-krolowej-polski-a-d-2025","status":"publish","type":"post","link":"https:\/\/parafiatokarnia.pl\/?p=12223","title":{"rendered":"UROCZYSTO\u015a\u0106 NMP KR\u00d3LOWEJ POLSKI A.D. 2025"},"content":{"rendered":"<p>Dzi\u0119kujemy mieszka\u0144com 1. cz\u0119\u015bci roli Dziubras Dolny za posprz\u0105tanie \u015bwi\u0105tyni oraz za porz\u0105dki wok\u00f3\u0142 niej. O przygotowanie ko\u015bcio\u0142a prosimy mieszka\u0144c\u00f3w 2. cz\u0119\u015bci tej roli. Sprz\u0105taj\u0105cych prosimy, aby zwracali szczeg\u00f3ln\u0105 uwag\u0119 na pokryte z\u0142otem elementy o\u0142tarza. Nie wolno ich czy\u015bci\u0107 mokrym, a nawet suchym kawa\u0142kiem materia\u0142u. Z\u0142oto jest metalem szlachetnym stosunkowo mi\u0119kkim, a mikronow\u0105 jej warstw\u0119 mo\u017cna bardzo \u0142atwo uszkodzi\u0107 (przetrze\u0107, a nawet ca\u0142kowicie zniszczy\u0107). Do czyszczenia element\u00f3w o\u0142tarzy u\u017cywajmy specjalnie do tego zakupionych miote\u0142ek do kurzu.  <\/p>\n<p>Ofiar\u0119 na ko\u015bci\u00f3\u0142 przy okazji chrztu dziecka z\u0142o\u017cyli rodzice Nikodema Pasiowca.<\/p>\n<p>Dzisiaj w kalendarzu liturgicznym obchodzimy uroczysto\u015b\u0107 NMP Kr\u00f3lowej Polski. Odpust w Str\u00f3\u017cy. Porz\u0105dek mszy \u015bw. w naszym ko\u015bciele, jak w niedziel\u0119: 7.00, 9.00, 11.00 i 15.30. <\/p>\n<p>O godz. 11.00 zostanie odprawiona z racji kolejnej rocznicy uchwalenia Konstytucji 3 Maja msza \u015bwi\u0119ta w intencji Ojczyzny. Po eucharystii przemarsz na Plac im. kpt. Mieczys\u0142awa Targowskiego i z\u0142o\u017cenie kwiat\u00f3w przy pomniku.<\/p>\n<p>Jutro pierwsza niedziela miesi\u0105ca. Po ka\u017cdej mszy \u015bw. adoracja Naj\u015bwi\u0119tszego Sakramentu. Z tej okazji Apostolstwo Pomocy Duszom w Czy\u015b\u0107cu Cierpi\u0105cym zaprasza na adoracj\u0119 od godz. 14.00 w intencji dusz w czy\u015b\u0107cu cierpi\u0105cych. <\/p>\n<p>Natomiast o godz. 20.00 w Krzeczowie pod Krzy\u017cem zostanie odprawiona plenerowa msza \u015bw. w intencji tegorocznych maturzyst\u00f3w o pomy\u015blne zdanie egzaminu dojrza\u0142o\u015bci i wyb\u00f3r odpowiedniej drogi \u017cycia. Zach\u0119camy do modlitwy.<\/p>\n<p>4 maja przypada \u015bwi\u0119to \u015bw. Floriana, patrona stra\u017cak\u00f3w. Przy tej wyj\u0105tkowej okazji pragn\u0119 wyrazi\u0107 pod adresem naszej jednostki OSP Tokarnia, wszystkich Druhen i Druh\u00f3w s\u0142owa uznania i wdzi\u0119czno\u015bci za Ich ofiarno\u015b\u0107 i trud ponoszony w wype\u0142nianiu stra\u017cackich obowi\u0105zk\u00f3w oraz za po\u015bwi\u0119cenie w ochronie zdrowia, \u017cycia i mienia ludzkiego naszych mieszka\u0144c\u00f3w, jak i Parafian. <\/p>\n<p>We \u015brod\u0119 rozpocz\u0119li\u015bmy procesj\u0105 wok\u00f3\u0142 ko\u015bcio\u0142a nabo\u017ce\u0144stwa majowe. Maj\u00f3wki odprawiamy codziennie o godz. 17.30, a w niedziel\u0119 o godzinie 15.00. Zapraszamy dzieci, m\u0142odzie\u017c i doros\u0142ych do wsp\u00f3lnej modlitwy. <\/p>\n<p>Przed nami 10 maja kolejny Wiecz\u00f3r Uwielbienia: modlitewne czuwanie z Kr\u00f3low\u0105 Pokoju. W programie: wielbienie Pana \u015bpiewem, medytacja nad S\u0142owem Bo\u017cym oraz indywidualne b\u0142ogos\u0142awie\u0144stwo Naj\u015bwi\u0119tszym Sakramentem. Po zako\u0144czeniu nabo\u017ce\u0144stwa rozpoczniemy ca\u0142onocn\u0105 adoracj\u0119 w intencji Ojczyzny i Ko\u015bcio\u0142a. W zakrystii wystawiona jest lista z godzinnymi dy\u017curami (od 21.00 do 7.00 ) na kt\u00f3r\u0105 mog\u0105 wpisa\u0107 si\u0119 osoby, kt\u00f3re przychodz\u0105c na wybran\u0105 przez siebie godzin\u0119 adoracji wezm\u0105 tak\u017ce na siebie odpowiedzialno\u015b\u0107 za bezpiecze\u0144stwo w ko\u015bciele.<\/p>\n<p>Solenizantkom, Solenizantom tego tygodnia, Czcigodnym Jubilatom sk\u0142adamy najlepsze \u017cyczenia: wielu Bo\u017cych \u0142ask oraz opieki Pani Tokarskiej na ka\u017cdy dzie\u0144. Naszym dzielnym Stra\u017cakom okazji Dnia Stra\u017caka \u2013 \u017cyczymy bezpiecznej s\u0142u\u017cby, zawsze szcz\u0119\u015bliwych powrot\u00f3w z akcji, a tak\u017ce Bo\u017cego b\u0142ogos\u0142awie\u0144stwa, zdrowia, pomy\u015blno\u015bci w \u017cyciu osobistym oraz nieustaj\u0105cej opieki Matki Bo\u017cej \u015anie\u017cnej i \u015bwi\u0119tego Floriana dla Was i dla Waszych Rodzin.<br \/>\nWszystkim \u017cyczymy b\u0142ogos\u0142awionej niedzieli.<\/p>\n","protected":false},"excerpt":{"rendered":"<p>Dzi\u0119kujemy mieszka\u0144com 1. cz\u0119\u015bci roli Dziubras Dolny za posprz\u0105tanie \u015bwi\u0105tyni oraz za porz\u0105dki wok\u00f3\u0142 niej. O przygotowanie ko\u015bcio\u0142a prosimy mieszka\u0144c\u00f3w 2. cz\u0119\u015bci tej roli. Sprz\u0105taj\u0105cych prosimy, aby zwracali szczeg\u00f3ln\u0105 uwag\u0119 na pokryte z\u0142otem elementy o\u0142tarza. Nie wolno ich czy\u015bci\u0107 mokrym, a nawet suchym kawa\u0142kiem materia\u0142u. Z\u0142oto jest metalem szlachetnym stosunkowo mi\u0119kkim, a mikronow\u0105 jej warstw\u0119 [&hellip;]<\/p>\n","protected":false},"author":4,"featured_media":0,"comment_status":"closed","ping_status":"closed","sticky":false,"template":"","format":"standard","meta":{"footnotes":""},"categories":[6],"tags":[],"class_list":["post-12223","post","type-post","status-publish","format-standard","hentry","category-ogloszenia"],"_links":{"self":[{"href":"https:\/\/parafiatokarnia.pl\/index.php?rest_route=\/wp\/v2\/posts\/12223","targetHints":{"allow":["GET"]}}],"collection":[{"href":"https:\/\/parafiatokarnia.pl\/index.php?rest_route=\/wp\/v2\/posts"}],"about":[{"href":"https:\/\/parafiatokarnia.pl\/index.php?rest_route=\/wp\/v2\/types\/post"}],"author":[{"embeddable":true,"href":"https:\/\/parafiatokarnia.pl\/index.php?rest_route=\/wp\/v2\/users\/4"}],"replies":[{"embeddable":true,"href":"https:\/\/parafiatokarnia.pl\/index.php?rest_route=%2Fwp%2Fv2%2Fcomments&post=12223"}],"version-history":[{"count":1,"href":"https:\/\/parafiatokarnia.pl\/index.php?rest_route=\/wp\/v2\/posts\/12223\/revisions"}],"predecessor-version":[{"id":12224,"href":"https:\/\/parafiatokarnia.pl\/index.php?rest_route=\/wp\/v2\/posts\/12223\/revisions\/12224"}],"wp:attachment":[{"href":"https:\/\/parafiatokarnia.pl\/index.php?rest_route=%2Fwp%2Fv2%2Fmedia&parent=12223"}],"wp:term":[{"taxonomy":"category","embeddable":true,"href":"https:\/\/parafiatokarnia.pl\/index.php?rest_route=%2Fwp%2Fv2%2Fcategories&post=12223"},{"taxonomy":"post_tag","embeddable":true,"href":"https:\/\/parafiatokarnia.pl\/index.php?rest_route=%2Fwp%2Fv2%2Ftags&post=12223"}],"curies":[{"name":"wp","href":"https:\/\/api.w.org\/{rel}","templated":true}]}}