{"id":12220,"date":"2025-04-28T07:14:33","date_gmt":"2025-04-28T07:14:33","guid":{"rendered":"https:\/\/parafiatokarnia.pl\/?p=12220"},"modified":"2025-04-28T07:14:33","modified_gmt":"2025-04-28T07:14:33","slug":"28-kwietnia-2025-do-4-maja-2025","status":"publish","type":"post","link":"https:\/\/parafiatokarnia.pl\/?p=12220","title":{"rendered":"28 kwietnia 2025 do 4 maja 2025"},"content":{"rendered":"<p>Poniedzia\u0142ek 28 kwietnia 2025<br \/>\n07:00 + Katarzyna Hanusiak \u2013 od syna Piotra<br \/>\n18:00 + Micha\u0142 P\u0119cek \u2013 od brata Antoniego z \u017con\u0105<\/p>\n<p>Wtorek 29 kwietnia 2025<br \/>\n07:00 + Micha\u0142 P\u0119cek \u2013 od brata Antoniego z \u017con\u0105<br \/>\n18:00 + Katarzyna Hanusiak \u2013 od c\u00f3rki Ireny z rodzin\u0105 <\/p>\n<p>\u015aroda 30 kwietnia 2025<br \/>\n07:00 + Micha\u0142 P\u0119cek \u2013 od siostry Marianny Lenartek<br \/>\n18:00 Za Parafian<\/p>\n<p>Czwartek 1 maja 2025<br \/>\n07:00 + Micha\u0142 P\u0119cek \u2013 od siostry Marianny Lenartek<br \/>\n18:00 Wynagradzaj\u0105ca za grzechy pope\u0142nione przeciwko Eucharystii<\/p>\n<p>Pi\u0105tek 2 maja 2025<br \/>\n07:00 Wynagradzaj\u0105ca za grzechy pope\u0142nione przeiwko NSPJ<br \/>\n18:00 Za Zmar\u0142ych   <\/p>\n<p>Sobota 3 maja 2025 Uroczysto\u015b\u0107 NMP Kr\u00f3lowej Polski<br \/>\n07:00 Wynagradzaj\u0105ca za grzechy pope\u0142nione przeciwko Niepokalanemu Sercu NMP<br \/>\n09:00 + Franciszek Wr\u00f3bel + Katarzyna, \u017cona<br \/>\n11:00 Za Ojczyzn\u0119<br \/>\n15:30 W podzi\u0119kowaniu za wszystkie otrzymane \u0142aski, z pro\u015bb\u0105 o dalsze Bo\u017ce B\u0142ogos\u0142awie\u0144stwo, dary Ducha \u015awi\u0119tego i opiek\u0119 Matki Bo\u017cej \u015anie\u017cnej dla Konrada Dragosza z okazji 18. rocznicy urodzin<\/p>\n<p>Niedziela 4 maja 2025<br \/>\n07:00 + Stanis\u0142aw Wojtasik \u2013 3. rocznica \u015bmierci<br \/>\n09:00 + Stanis\u0142aw Hanusiak + Anna, \u017cona; + Stanis\u0142awa, c\u00f3rka<br \/>\n11:00 + Rozalia Kluska \u2013 2. rocznica \u015bmierci + Leon, m\u0105\u017c<br \/>\n15:30 Za dusze w czy\u015b\u0107cu cierpi\u0105ce<\/p>\n","protected":false},"excerpt":{"rendered":"<p>Poniedzia\u0142ek 28 kwietnia 2025 07:00 + Katarzyna Hanusiak \u2013 od syna Piotra 18:00 + Micha\u0142 P\u0119cek \u2013 od brata Antoniego z \u017con\u0105 Wtorek 29 kwietnia 2025 07:00 + Micha\u0142 P\u0119cek \u2013 od brata Antoniego z \u017con\u0105 18:00 + Katarzyna Hanusiak \u2013 od c\u00f3rki Ireny z rodzin\u0105 \u015aroda 30 kwietnia 2025 07:00 + Micha\u0142 P\u0119cek \u2013 [&hellip;]<\/p>\n","protected":false},"author":4,"featured_media":0,"comment_status":"closed","ping_status":"closed","sticky":false,"template":"","format":"standard","meta":{"footnotes":""},"categories":[22],"tags":[],"class_list":["post-12220","post","type-post","status-publish","format-standard","hentry","category-intencje"],"_links":{"self":[{"href":"https:\/\/parafiatokarnia.pl\/index.php?rest_route=\/wp\/v2\/posts\/12220","targetHints":{"allow":["GET"]}}],"collection":[{"href":"https:\/\/parafiatokarnia.pl\/index.php?rest_route=\/wp\/v2\/posts"}],"about":[{"href":"https:\/\/parafiatokarnia.pl\/index.php?rest_route=\/wp\/v2\/types\/post"}],"author":[{"embeddable":true,"href":"https:\/\/parafiatokarnia.pl\/index.php?rest_route=\/wp\/v2\/users\/4"}],"replies":[{"embeddable":true,"href":"https:\/\/parafiatokarnia.pl\/index.php?rest_route=%2Fwp%2Fv2%2Fcomments&post=12220"}],"version-history":[{"count":1,"href":"https:\/\/parafiatokarnia.pl\/index.php?rest_route=\/wp\/v2\/posts\/12220\/revisions"}],"predecessor-version":[{"id":12221,"href":"https:\/\/parafiatokarnia.pl\/index.php?rest_route=\/wp\/v2\/posts\/12220\/revisions\/12221"}],"wp:attachment":[{"href":"https:\/\/parafiatokarnia.pl\/index.php?rest_route=%2Fwp%2Fv2%2Fmedia&parent=12220"}],"wp:term":[{"taxonomy":"category","embeddable":true,"href":"https:\/\/parafiatokarnia.pl\/index.php?rest_route=%2Fwp%2Fv2%2Fcategories&post=12220"},{"taxonomy":"post_tag","embeddable":true,"href":"https:\/\/parafiatokarnia.pl\/index.php?rest_route=%2Fwp%2Fv2%2Ftags&post=12220"}],"curies":[{"name":"wp","href":"https:\/\/api.w.org\/{rel}","templated":true}]}}