{"id":12214,"date":"2025-04-22T06:30:48","date_gmt":"2025-04-22T06:30:48","guid":{"rendered":"https:\/\/parafiatokarnia.pl\/?p=12214"},"modified":"2025-04-22T06:30:48","modified_gmt":"2025-04-22T06:30:48","slug":"22-kwietnia-2025-do-28-kwietnia-2025","status":"publish","type":"post","link":"https:\/\/parafiatokarnia.pl\/?p=12214","title":{"rendered":"22 kwietnia 2025 do 28 kwietnia 2025"},"content":{"rendered":"<p>Wtorek 22 kwietnia 2025<br \/>\n07:00 + Micha\u0142 P\u0119cek \u2013 od wnuczki Anny z rodzin\u0105<br \/>\n18:00 Dzi\u0119kczynno-b\u0142agalna za otrzymane \u0142aski z pro\u015bb\u0105 o Bo\u017ce b\u0142ogos\u0142awie\u0144stwo i opiek\u0119 Matki Bo\u017cej dla rodziny<\/p>\n<p>\u015aroda 23 kwietnia 2025<br \/>\n07:00 + Micha\u0142 P\u0119cek \u2013 od wnuczki Natalii z rodzin\u0105<br \/>\n18:00 Za Parafian<\/p>\n<p>Czwartek 24 kwietnia 2025<br \/>\n07:00 + Katarzyna Hanusiak \u2013 od syna Paw\u0142a z rodzin\u0105<br \/>\n18:00 + Micha\u0142 P\u0119cek \u2013 od wnuk\u00f3w: Kamila i Piotra<\/p>\n<p>Pi\u0105tek 25 kwietnia 2025<br \/>\n07:00 + Micha\u0142 P\u0119cek \u2013 od wnuk\u00f3w: Kamila i Piotra<br \/>\n18:00 Za Zmar\u0142ych   <\/p>\n<p>Sobota 26 kwietnia 2025<br \/>\n07:00 + Micha\u0142 P\u0119cek \u2013 od wnuka Wojciecha<br \/>\n18:00 + Katarzyna Hanusiak \u2013 od syna Piotra z rodzin\u0105<\/p>\n<p>Niedziela 27 kwietnia 2025 \u2013 Niedziela Mi\u0142osierdzia<br \/>\n07:00 + Maria + Edward Hanusiak \u2013 6. rocznica \u015bmierci obojga<br \/>\n09:00 + Stanis\u0142awa (f.) Miko\u0142ajczyk \u2013 2. rocznica \u015bmierci<br \/>\n09:00 + J\u00f3zef P\u0119cek \u2013 17. rocznica \u015bmierci<br \/>\n11:00 W podzi\u0119kowaniu za wszystkie otrzymane \u0142aski, z pro\u015bb\u0105 o dalsze Bo\u017ce B\u0142ogos\u0142awie\u0144stwo, dary Ducha \u015awi\u0119tego i opiek\u0119 Matki Bo\u017cej \u015anie\u017cnej dla Joanny \u015al\u0119czki z okazji 18. rocznicy urodzin<br \/>\n15:30 Sakrament Bierzmowania<\/p>\n<p>Poniedzia\u0142ek 28 kwietnia 2025<br \/>\n07:00 + Katarzyna Hanusiak \u2013 od syna Piotra<br \/>\n18:00 + Micha\u0142 P\u0119cek \u2013 od brata Antoniego z \u017con\u0105<\/p>\n","protected":false},"excerpt":{"rendered":"<p>Wtorek 22 kwietnia 2025 07:00 + Micha\u0142 P\u0119cek \u2013 od wnuczki Anny z rodzin\u0105 18:00 Dzi\u0119kczynno-b\u0142agalna za otrzymane \u0142aski z pro\u015bb\u0105 o Bo\u017ce b\u0142ogos\u0142awie\u0144stwo i opiek\u0119 Matki Bo\u017cej dla rodziny \u015aroda 23 kwietnia 2025 07:00 + Micha\u0142 P\u0119cek \u2013 od wnuczki Natalii z rodzin\u0105 18:00 Za Parafian Czwartek 24 kwietnia 2025 07:00 + Katarzyna Hanusiak [&hellip;]<\/p>\n","protected":false},"author":4,"featured_media":0,"comment_status":"closed","ping_status":"closed","sticky":false,"template":"","format":"standard","meta":{"footnotes":""},"categories":[22],"tags":[],"class_list":["post-12214","post","type-post","status-publish","format-standard","hentry","category-intencje"],"_links":{"self":[{"href":"https:\/\/parafiatokarnia.pl\/index.php?rest_route=\/wp\/v2\/posts\/12214","targetHints":{"allow":["GET"]}}],"collection":[{"href":"https:\/\/parafiatokarnia.pl\/index.php?rest_route=\/wp\/v2\/posts"}],"about":[{"href":"https:\/\/parafiatokarnia.pl\/index.php?rest_route=\/wp\/v2\/types\/post"}],"author":[{"embeddable":true,"href":"https:\/\/parafiatokarnia.pl\/index.php?rest_route=\/wp\/v2\/users\/4"}],"replies":[{"embeddable":true,"href":"https:\/\/parafiatokarnia.pl\/index.php?rest_route=%2Fwp%2Fv2%2Fcomments&post=12214"}],"version-history":[{"count":1,"href":"https:\/\/parafiatokarnia.pl\/index.php?rest_route=\/wp\/v2\/posts\/12214\/revisions"}],"predecessor-version":[{"id":12215,"href":"https:\/\/parafiatokarnia.pl\/index.php?rest_route=\/wp\/v2\/posts\/12214\/revisions\/12215"}],"wp:attachment":[{"href":"https:\/\/parafiatokarnia.pl\/index.php?rest_route=%2Fwp%2Fv2%2Fmedia&parent=12214"}],"wp:term":[{"taxonomy":"category","embeddable":true,"href":"https:\/\/parafiatokarnia.pl\/index.php?rest_route=%2Fwp%2Fv2%2Fcategories&post=12214"},{"taxonomy":"post_tag","embeddable":true,"href":"https:\/\/parafiatokarnia.pl\/index.php?rest_route=%2Fwp%2Fv2%2Ftags&post=12214"}],"curies":[{"name":"wp","href":"https:\/\/api.w.org\/{rel}","templated":true}]}}