{"id":12203,"date":"2025-04-13T04:09:02","date_gmt":"2025-04-13T04:09:02","guid":{"rendered":"https:\/\/parafiatokarnia.pl\/?p=12203"},"modified":"2025-04-13T04:09:02","modified_gmt":"2025-04-13T04:09:02","slug":"niedziela-palmowa-a-d-2025","status":"publish","type":"post","link":"https:\/\/parafiatokarnia.pl\/?p=12203","title":{"rendered":"Niedziela Palmowa A.D. 2025"},"content":{"rendered":"<p>Zmar\u0142 \u015bp. Jan Skorupa, ojciec ks. Janusza Skorupy, kt\u00f3ry w latach 2011-2013 by\u0142 wikariuszem tutejszej parafii. Dzi\u0119kuj\u0119 tym, kt\u00f3rzy z potrzeby serca i wdzi\u0119czno\u015bci za jego pos\u0142ug\u0119 duszpastersk\u0105 wzi\u0119li udzia\u0142 w uroczysto\u015bciach pogrzebowych. <\/p>\n<p>Dzi\u0119kujemy mieszka\u0144com 1. cz\u0119\u015bci roli Kluski za posprz\u0105tanie \u015bwi\u0105tyni. O przygotowanie ko\u015bcio\u0142a w tym tygodniu prosimy mieszka\u0144c\u00f3w 2. cz\u0119\u015bci tej roli.<\/p>\n<p>Ofiar\u0119 na ko\u015bci\u00f3\u0142 z\u0142o\u017cy\u0142 Rafa\u0142 Ko\u0142odziej.<\/p>\n<p>Dzisiaj Niedziela Palmowa. Rozpoczyna ona obch\u00f3d Wielkiego Tygodnia. Okazja do spowiedzi przed \u015awi\u0119tami &#8211; 30 min. przed ka\u017cd\u0105 msz\u0105 \u015bw. do po\u0142udnia! Zostali zaproszeni dwaj spowiednicy z Krakowa, jest tak\u017ce ks. Leszek z Wi\u0119ci\u00f3rki. Zaplanujmy sobie dzisiaj ten \u015bwi\u0105teczny i zarazem wolny od pracy dzie\u0144; przyjd\u017amy do \u015bwi\u0105tyni nieco wcze\u015bniej i skorzystajmy z dogodnych warunk\u00f3w do spowiedzi, kiedy nic nas nie rozprasza i przeszkadza w skupieniu. Nie odk\u0142adajmy spowiedzi na ostatni Wielki Tydzie\u0144, tym bardziej, \u017ce od Wielkiego Czwartku nie b\u0119dzie ju\u017c takiej sposobno\u015bci.<\/p>\n<p>Uroczyste b\u0142ogos\u0142awie\u0144stwo palm i procesja wok\u00f3\u0142 ko\u015bcio\u0142a rozpocznie si\u0119 o godz. 11.00. Uroczysto\u015bciom przewodniczy\u0107 b\u0119dzie bp. Artur Mizi\u0144ski, biskup pomocniczy Archidiecezji Lubelskiej i by\u0142y sekretarz generalny Konferencji Episkopatu Polski. Wcze\u015bniej o godz. 10.30 na placu kpt. Mieczys\u0142awa Targowskiego z inicjatywy KCK stanie wysoka tokarska palma.<\/p>\n<p>Gorzkie \u017bale o godz. 15.00.  Po zako\u0144czeniu nabo\u017ce\u0144stwa msza \u015bwi\u0119ta popo\u0142udniowa. <\/p>\n<p>Nie b\u0119dzie dzisiaj Drogi Krzy\u017cowej po zako\u0144czonej sumie. W zamian zapraszamy z KCK do naszej \u015bwi\u0105tyni na godz. 17.00 na muzyczno-poetycki spektakl oparty na rozwa\u017caniach drogi krzy\u017cowej w wykonaniu zespo\u0142u \u201eNoro Lim\u201d pt. \u201dIdziemy za Tob\u0105\u201d. To przejmuj\u0105ca opowie\u015b\u0107 o ostatniej drodze Jezusa, zilustrowana obrazami przedstawiaj\u0105cymi M\u0119k\u0119 Pa\u0144sk\u0105. Po koncercie b\u0119dzie mo\u017cliwo\u015b\u0107 nabycia p\u0142yt z nagraniem spektaklu.<\/p>\n<p>Przed nami Triduum Paschalne M\u0119ki i Zmartwychwstania Pa\u0144skiego. Liturgia Triduum Sacrum \u2013 w Wielki Czwartek, w Wielki Pi\u0105tek i w Wielk\u0105 Sobot\u0119 rozpoczyna si\u0119 o godz. 18:00!<\/p>\n<p>Przypominamy, \u017ce w Wielki Czwartek nie ma mszy \u015bwi\u0119tej rano! O godz. 18.00 Msza \u015bw. Wieczerzy Pa\u0144skiej. B\u0119dziemy dzi\u0119kowa\u0107 Bogu za ustanowienie Eucharystii i dar Kap\u0142a\u0144stwa. Na zako\u0144czenie uroczysto\u015bci Cia\u0142o Chrystusa zostanie przeniesione do Ciemnicy. Adoracja do godz. 21.00.<\/p>\n<p>W Wielki Pi\u0105tek Ko\u015bci\u00f3\u0142 nie sprawuje Eucharystii. Nie wi\u0119c mszy \u015bwi\u0119tej rano!<br \/>\nO godz. 15.00 Koronka do Bo\u017cego Mi\u0142osierdzia po\u0142\u0105czona z Drog\u0105 Krzy\u017cow\u0105.<\/p>\n<p>Liturgia M\u0119ki Pa\u0144skiej w Wielki Pi\u0105tek rozpocznie si\u0119 o godz. 18.00. Po Adoracji Krzy\u017ca, zgodnie z wielowiekow\u0105 tradycj\u0105 przeniesiemy Naj\u015bwi\u0119tszy Sakrament do Grobu Pa\u0144skiego, przy kt\u00f3rym b\u0119dzie ca\u0142onocna adoracja Pana Jezusa w Grobie Bo\u017cym wedle ustalonego porz\u0105dku. Szczeg\u00f3\u0142y i porz\u0105dek adoracji znajdziemy na stronie internetowej parafii.<\/p>\n<p>\u015awi\u0119cenie pokarm\u00f3w w Wielk\u0105 Sobot\u0119 na st\u00f3\u0142 wielkanocny o pe\u0142nych godzinach: o godz. 9.00; 10.00; 11.00; 12.00; 13.00 i ostatnie o godz. 14.45. Wigilia Paschalna rozpocznie si\u0119 o godz. 18.00 Liturgi\u0105 \u015awiat\u0142a, po niej Liturgia chrzcielna i Procesja rezurekcyjna wok\u00f3\u0142 ko\u015bcio\u0142a. Wyjdziemy na zewn\u0105trz \u015bwi\u0105tyni, aby jako chrze\u015bcijanie og\u0142osi\u0107 ca\u0142emu \u015bwiatu radosn\u0105 wie\u015b\u0107: &#8222;mo\u017cecie ju\u017c otrze\u0107 \u0142zy, \u015bmier\u0107 zosta\u0142a pokonana&#8221;. Prosimy o u\u015bwietnienie Uroczysto\u015bci: Orkiestr\u0119 D\u0119t\u0105 OSP Tokarnia, Kliszczak\u00f3w w strojach regionalnych oraz ch\u00f3r parafialny. Zach\u0119camy do zachowania zwyczaj\u00f3w zwi\u0105zanych ze \u015bniadaniem wielkanocnym w naszych rodzinach.<\/p>\n<p>Zach\u0119camy do nabycia Barank\u00f3w Caritas na st\u00f3\u0142 wielkanocny.<\/p>\n<p>Przez ca\u0142y Wielki Post w ramach parafialnej akcji \u201ePodziel si\u0119 mi\u0142o\u015bci\u0105\u201d mo\u017cemy sk\u0142ada\u0107 do skarbony,  kt\u00f3ra jest cz\u0119\u015bci\u0105 dekoracji przed o\u0142tarzem ja\u0142mu\u017cn\u0119 wielkopostn\u0105, kt\u00f3r\u0105 \u2013 jak co roku &#8211; przeka\u017cemy najbardziej potrzebuj\u0105cym rodzinom w naszej parafialnej wsp\u00f3lnocie. <\/p>\n<p>Solenizantkom, Solenizantom tego tygodnia oraz Jubilatom sk\u0142adamy najlepsze \u017cyczenia. Wszystkim Go\u015bciom oraz naszym Parafianom \u017cyczymy b\u0142ogos\u0142awionej niedzieli, dobrego rodzinnego \u015bwi\u0119towania oraz owoc\u00f3w Wielkiego Tygodnia.<\/p>\n<p>Apelujemy do wiernych wychodz\u0105cych z ko\u015bcio\u0142a, zw\u0142aszcza w godzinach wieczornych, a w najbli\u017cszym czasie tak\u017ce z racji ca\u0142onocnej adoracji i nocnych. Przypominamy, aby przechodz\u0105c na parking korzysta\u0107   z przej\u015bcia dla pieszych! Niedopuszczalne jest przychodzenie przez jezdni\u0119 poza wyznaczonym do tego celu bezpiecznym miejscem, gdy\u017c w ten spos\u00f3b lekkomy\u015blnie nara\u017camy siebie i kierowc\u00f3w na niebezpieczne sytuacje gro\u017c\u0105ce utrat\u0105 zdrowia, a nawet \u017cycia.<\/p>\n<p>W\u00f3jt Gminy Tokarnia informuje, \u017ce od 1 stycznia 2025 r. zu\u017cytej odzie\u017cy i tekstyli\u00f3w nie wyrzucamy do worka na odpady zmieszane. Odzie\u017c w dobrym stanie mo\u017cna odda\u0107 do kontener\u00f3w PCK w Tokarni, Krzczonowie i Skomielnej Czarnej.  Pozosta\u0142\u0105 odzie\u017c i tekstylia mo\u017cna wyrzuci\u0107 do du\u017cego kontenera na parkingu przy Urz\u0119dzie Gminy.<br \/>\nRaz na kwarta\u0142 b\u0119dzie mo\u017cliwo\u015b\u0107 oddania ubra\u0144 i tekstyli\u00f3w w workach spod dom\u00f3w przy wywozie odpad\u00f3w \u2013 najbli\u017csze wywozy 14, 15 i 16 kwietnia. Kody kreskowe na tekstylia i szczeg\u00f3\u0142owe informacje mo\u017cna uzyska\u0107 w Urz\u0119dzie Gminy, pok\u00f3j numer 6.<\/p>\n","protected":false},"excerpt":{"rendered":"<p>Zmar\u0142 \u015bp. Jan Skorupa, ojciec ks. Janusza Skorupy, kt\u00f3ry w latach 2011-2013 by\u0142 wikariuszem tutejszej parafii. Dzi\u0119kuj\u0119 tym, kt\u00f3rzy z potrzeby serca i wdzi\u0119czno\u015bci za jego pos\u0142ug\u0119 duszpastersk\u0105 wzi\u0119li udzia\u0142 w uroczysto\u015bciach pogrzebowych. Dzi\u0119kujemy mieszka\u0144com 1. cz\u0119\u015bci roli Kluski za posprz\u0105tanie \u015bwi\u0105tyni. O przygotowanie ko\u015bcio\u0142a w tym tygodniu prosimy mieszka\u0144c\u00f3w 2. cz\u0119\u015bci tej roli. Ofiar\u0119 [&hellip;]<\/p>\n","protected":false},"author":4,"featured_media":0,"comment_status":"closed","ping_status":"closed","sticky":false,"template":"","format":"standard","meta":{"footnotes":""},"categories":[6],"tags":[],"class_list":["post-12203","post","type-post","status-publish","format-standard","hentry","category-ogloszenia"],"_links":{"self":[{"href":"https:\/\/parafiatokarnia.pl\/index.php?rest_route=\/wp\/v2\/posts\/12203","targetHints":{"allow":["GET"]}}],"collection":[{"href":"https:\/\/parafiatokarnia.pl\/index.php?rest_route=\/wp\/v2\/posts"}],"about":[{"href":"https:\/\/parafiatokarnia.pl\/index.php?rest_route=\/wp\/v2\/types\/post"}],"author":[{"embeddable":true,"href":"https:\/\/parafiatokarnia.pl\/index.php?rest_route=\/wp\/v2\/users\/4"}],"replies":[{"embeddable":true,"href":"https:\/\/parafiatokarnia.pl\/index.php?rest_route=%2Fwp%2Fv2%2Fcomments&post=12203"}],"version-history":[{"count":1,"href":"https:\/\/parafiatokarnia.pl\/index.php?rest_route=\/wp\/v2\/posts\/12203\/revisions"}],"predecessor-version":[{"id":12204,"href":"https:\/\/parafiatokarnia.pl\/index.php?rest_route=\/wp\/v2\/posts\/12203\/revisions\/12204"}],"wp:attachment":[{"href":"https:\/\/parafiatokarnia.pl\/index.php?rest_route=%2Fwp%2Fv2%2Fmedia&parent=12203"}],"wp:term":[{"taxonomy":"category","embeddable":true,"href":"https:\/\/parafiatokarnia.pl\/index.php?rest_route=%2Fwp%2Fv2%2Fcategories&post=12203"},{"taxonomy":"post_tag","embeddable":true,"href":"https:\/\/parafiatokarnia.pl\/index.php?rest_route=%2Fwp%2Fv2%2Ftags&post=12203"}],"curies":[{"name":"wp","href":"https:\/\/api.w.org\/{rel}","templated":true}]}}