{"id":12199,"date":"2025-04-14T00:01:49","date_gmt":"2025-04-14T00:01:49","guid":{"rendered":"https:\/\/parafiatokarnia.pl\/?p=12199"},"modified":"2025-04-10T18:02:22","modified_gmt":"2025-04-10T18:02:22","slug":"14-kwietnia-2025-do-21-kwietnia-2025","status":"publish","type":"post","link":"https:\/\/parafiatokarnia.pl\/?p=12199","title":{"rendered":"14 kwietnia 2025 do 21 kwietnia 2025"},"content":{"rendered":"<p>Poniedzia\u0142ek 14 kwietnia 2025<br \/>\n07:00 + Micha\u0142 P\u0119cek \u2013 od c\u00f3rki Doroty z rodzin\u0105<br \/>\n18:00 + J\u00f3zefa (f.) Kalicka<\/p>\n<p>Wtorek 15 kwietnia 2025<br \/>\n07:00 + Katarzyna Hanusiak \u2013 od syna Paw\u0142a z rodzin\u0105<br \/>\n18:00 + Micha\u0142 P\u0119cek \u2013 od c\u00f3rki Doroty z rodzin\u0105<\/p>\n<p>\u015aroda 16 kwietnia 2025<br \/>\n07:00 + Micha\u0142 P\u0119cek \u2013 od syna Romana z \u017con\u0105<br \/>\n18:00 Za Parafian<\/p>\n<p>Wielki Czwartek 17 kwietnia 2025<br \/>\n18:00 W podzi\u0119kowaniu za Sakrament Eucharystii i Kap\u0142a\u0144stwa z pro\u015bb\u0105 o nowe, \u015bwi\u0119te powo\u0142ania kap\u0142a\u0144skie i zakonne (tak\u017ce z naszej parafii)<br \/>\n18:00 + Micha\u0142 P\u0119cek \u2013 od syna Romana z \u017con\u0105<\/p>\n<p>Wielki Pi\u0105tek 18 kwietnia 2025<br \/>\n18:00 Liturgia Wielkiego Pi\u0105tku<\/p>\n<p>Wielka Sobota 12 kwietnia 2025 &#8211; Wigilia Paschalna<br \/>\n07:00 Za Parafian, o zawierzenie swojego \u017cycia Jezusowi i Maryi<br \/>\n18:00 W intencji wszystkich zaanga\u017cowanych w przygotowanie tegorocznych obchod\u00f3w Niedzieli Palmowej, Liturgii Wielkiego Tygodnia i obchod\u00f3w \u015awi\u0105t Wielkiej Nocy<\/p>\n<p><span style=\"color: #ff0000;\">Niedziela 20 kwietnia 2025 \u2013 Zmartwychwstanie Pa\u0144skie<\/span><br \/>\n07:00 W podzi\u0119kowaniu za wszystkie otrzymane \u0142aski, z pro\u015bb\u0105 o dalsze Bo\u017ce B\u0142ogos\u0142awie\u0144stwo i opiek\u0119 Matki Bo\u017cej \u015anie\u017cnej, Pani Pi\u0119knej Mi\u0142o\u015bci dla Anny i Romana Hucisko (Z\u0142otych Jubilat\u00f3w) z okazji 50. rocznicy \u015blubu<br \/>\n09:00 W podzi\u0119kowaniu za wszystkie otrzymane \u0142aski, z pro\u015bb\u0105 o dalsze Bo\u017ce B\u0142ogos\u0142awie\u0144stwo i opiek\u0119 Matki Bo\u017cej \u015anie\u017cnej, Pani Pi\u0119knej Mi\u0142o\u015bci dla Stanis\u0142awa i Marii z okazji 30. rocznicy \u015blubu<br \/>\n11:00 Za Parafian<br \/>\n15:30 + J\u00f3zef Makusek<\/p>\n<p><span style=\"color: #ff0000;\">Poniedzia\u0142ek Wielkanocny 21 kwietnia 2025<\/span><br \/>\n07:00 O wieczny pok\u00f3j dla \u015bp. Antoniego P\u0119cka i o potrzebne si\u0142y i Bo\u017ce b\u0142ogos\u0142awie\u0144stwo dla Jego \u017cony Marii. Msza \u015bw. w 50. rocznic\u0119 \u015blubu<br \/>\n09:00 W podzi\u0119kowaniu za wszystkie otrzymane \u0142aski, z pro\u015bb\u0105 o dary Ducha \u015awi\u0119tego, dalsze Bo\u017ce B\u0142ogos\u0142awie\u0144stwo i opiek\u0119 Matki Bo\u017cej \u015anie\u017cnej dla Julii i Kacpra Funek z okazji 18. rocznicy urodzin \u2013 od rodzic\u00f3w<br \/>\n11:00 Za Parafian \u2013 Chrzest \u015awi\u0119ty<br \/>\n15:30 W podzi\u0119kowaniu za otrzymane \u0142aski, z pro\u015bb\u0105 o dalsze Bo\u017ce B\u0142ogos\u0142awie\u0144stwo i opiek\u0119 Matki Bo\u017cej \u015anie\u017cnej, Pani Pi\u0119knej Mi\u0142o\u015bci dla Agaty i Adama Hanusiak z okazji 35. rocznicy \u015blubu<\/p>\n","protected":false},"excerpt":{"rendered":"<p>Poniedzia\u0142ek 14 kwietnia 2025 07:00 + Micha\u0142 P\u0119cek \u2013 od c\u00f3rki Doroty z rodzin\u0105 18:00 + J\u00f3zefa (f.) Kalicka Wtorek 15 kwietnia 2025 07:00 + Katarzyna Hanusiak \u2013 od syna Paw\u0142a z rodzin\u0105 18:00 + Micha\u0142 P\u0119cek \u2013 od c\u00f3rki Doroty z rodzin\u0105 \u015aroda 16 kwietnia 2025 07:00 + Micha\u0142 P\u0119cek \u2013 od syna Romana [&hellip;]<\/p>\n","protected":false},"author":4,"featured_media":0,"comment_status":"closed","ping_status":"closed","sticky":false,"template":"","format":"standard","meta":{"footnotes":""},"categories":[22],"tags":[],"class_list":["post-12199","post","type-post","status-publish","format-standard","hentry","category-intencje"],"_links":{"self":[{"href":"https:\/\/parafiatokarnia.pl\/index.php?rest_route=\/wp\/v2\/posts\/12199","targetHints":{"allow":["GET"]}}],"collection":[{"href":"https:\/\/parafiatokarnia.pl\/index.php?rest_route=\/wp\/v2\/posts"}],"about":[{"href":"https:\/\/parafiatokarnia.pl\/index.php?rest_route=\/wp\/v2\/types\/post"}],"author":[{"embeddable":true,"href":"https:\/\/parafiatokarnia.pl\/index.php?rest_route=\/wp\/v2\/users\/4"}],"replies":[{"embeddable":true,"href":"https:\/\/parafiatokarnia.pl\/index.php?rest_route=%2Fwp%2Fv2%2Fcomments&post=12199"}],"version-history":[{"count":2,"href":"https:\/\/parafiatokarnia.pl\/index.php?rest_route=\/wp\/v2\/posts\/12199\/revisions"}],"predecessor-version":[{"id":12201,"href":"https:\/\/parafiatokarnia.pl\/index.php?rest_route=\/wp\/v2\/posts\/12199\/revisions\/12201"}],"wp:attachment":[{"href":"https:\/\/parafiatokarnia.pl\/index.php?rest_route=%2Fwp%2Fv2%2Fmedia&parent=12199"}],"wp:term":[{"taxonomy":"category","embeddable":true,"href":"https:\/\/parafiatokarnia.pl\/index.php?rest_route=%2Fwp%2Fv2%2Fcategories&post=12199"},{"taxonomy":"post_tag","embeddable":true,"href":"https:\/\/parafiatokarnia.pl\/index.php?rest_route=%2Fwp%2Fv2%2Ftags&post=12199"}],"curies":[{"name":"wp","href":"https:\/\/api.w.org\/{rel}","templated":true}]}}