{"id":12197,"date":"2025-04-10T17:40:59","date_gmt":"2025-04-10T17:40:59","guid":{"rendered":"https:\/\/parafiatokarnia.pl\/?p=12197"},"modified":"2025-04-10T18:02:44","modified_gmt":"2025-04-10T18:02:44","slug":"7-kwietnia-2025-do-13-kwietnia-2025","status":"publish","type":"post","link":"https:\/\/parafiatokarnia.pl\/?p=12197","title":{"rendered":"7 kwietnia 2025 do 13 kwietnia 2025"},"content":{"rendered":"<p>Poniedzia\u0142ek 7 kwietnia 2025<br \/>\n07:00 + Jadwiga Bargiel \u2013 od brata J\u00f3zefa z rodzin\u0105<br \/>\n18:00 + Micha\u0142 P\u0119cek \u2013 od \u017cony<\/p>\n<p>Wtorek 8 kwietnia 2025<br \/>\n07:00 + Micha\u0142 P\u0119cek \u2013 od \u017cony<br \/>\n18:00 + Katarzyna Hanusiak \u2013 od m\u0119\u017ca<\/p>\n<p>\u015aroda 9 kwietnia 2025<br \/>\n07:00 + Micha\u0142 P\u0119cek \u2013 od syna Daniela z rodzin\u0105<br \/>\n18:00 Za Parafian<\/p>\n<p>Czwartek 10 kwietnia 2025<br \/>\n07:00 + Cecylia S\u0142onina<br \/>\n18:00 + Micha\u0142 P\u0119cek \u2013 od syna Daniela z rodzin\u0105<\/p>\n<p>Pi\u0105tek 11 kwietnia 2025<br \/>\n07:00 + Micha\u0142 P\u0119cek \u2013 od c\u00f3rki Michaliny z m\u0119\u017cem<br \/>\n18:00 Za Zmar\u0142ych<\/p>\n<p>Sobota 12 kwietnia 2025<br \/>\n07:00 + Katarzyna Hanusiak \u2013 od m\u0119\u017ca<br \/>\n18:00 + Micha\u0142 P\u0119cek \u2013 od c\u00f3rki Michaliny z m\u0119\u017cem<\/p>\n<p><span style=\"color: #993366;\">Niedziela 13 kwietnia 2025<\/span><br \/>\n07:00 + Stanis\u0142aw Durek \u2013 5. rocznica \u015bmierci; + Maria, \u017cona<br \/>\n09:00 + Aniela Proszek \u2013 8. rocznica \u015bmierci \u2013 od c\u00f3rki<br \/>\n11:00 + Zbigniew Kubowicz \u2013 2. rocznica \u015bmierci; ++ z rodzin Kubowicz\u00f3w i Or\u0142\u00f3w<br \/>\n15:30 wolna<\/p>\n","protected":false},"excerpt":{"rendered":"<p>Poniedzia\u0142ek 7 kwietnia 2025 07:00 + Jadwiga Bargiel \u2013 od brata J\u00f3zefa z rodzin\u0105 18:00 + Micha\u0142 P\u0119cek \u2013 od \u017cony Wtorek 8 kwietnia 2025 07:00 + Micha\u0142 P\u0119cek \u2013 od \u017cony 18:00 + Katarzyna Hanusiak \u2013 od m\u0119\u017ca \u015aroda 9 kwietnia 2025 07:00 + Micha\u0142 P\u0119cek \u2013 od syna Daniela z rodzin\u0105 18:00 Za [&hellip;]<\/p>\n","protected":false},"author":4,"featured_media":0,"comment_status":"closed","ping_status":"closed","sticky":false,"template":"","format":"standard","meta":{"footnotes":""},"categories":[22],"tags":[],"class_list":["post-12197","post","type-post","status-publish","format-standard","hentry","category-intencje"],"_links":{"self":[{"href":"https:\/\/parafiatokarnia.pl\/index.php?rest_route=\/wp\/v2\/posts\/12197","targetHints":{"allow":["GET"]}}],"collection":[{"href":"https:\/\/parafiatokarnia.pl\/index.php?rest_route=\/wp\/v2\/posts"}],"about":[{"href":"https:\/\/parafiatokarnia.pl\/index.php?rest_route=\/wp\/v2\/types\/post"}],"author":[{"embeddable":true,"href":"https:\/\/parafiatokarnia.pl\/index.php?rest_route=\/wp\/v2\/users\/4"}],"replies":[{"embeddable":true,"href":"https:\/\/parafiatokarnia.pl\/index.php?rest_route=%2Fwp%2Fv2%2Fcomments&post=12197"}],"version-history":[{"count":2,"href":"https:\/\/parafiatokarnia.pl\/index.php?rest_route=\/wp\/v2\/posts\/12197\/revisions"}],"predecessor-version":[{"id":12202,"href":"https:\/\/parafiatokarnia.pl\/index.php?rest_route=\/wp\/v2\/posts\/12197\/revisions\/12202"}],"wp:attachment":[{"href":"https:\/\/parafiatokarnia.pl\/index.php?rest_route=%2Fwp%2Fv2%2Fmedia&parent=12197"}],"wp:term":[{"taxonomy":"category","embeddable":true,"href":"https:\/\/parafiatokarnia.pl\/index.php?rest_route=%2Fwp%2Fv2%2Fcategories&post=12197"},{"taxonomy":"post_tag","embeddable":true,"href":"https:\/\/parafiatokarnia.pl\/index.php?rest_route=%2Fwp%2Fv2%2Ftags&post=12197"}],"curies":[{"name":"wp","href":"https:\/\/api.w.org\/{rel}","templated":true}]}}