{"id":12180,"date":"2025-04-06T07:39:59","date_gmt":"2025-04-06T07:39:59","guid":{"rendered":"https:\/\/parafiatokarnia.pl\/?p=12180"},"modified":"2025-04-07T03:02:54","modified_gmt":"2025-04-07T03:02:54","slug":"5-niedziela-wielkiego-postu-2025","status":"publish","type":"post","link":"https:\/\/parafiatokarnia.pl\/?p=12180","title":{"rendered":"5. NIEDZIELA WIELKIEGO POSTU 2025"},"content":{"rendered":"<p>Dzi\u0119kujemy mieszka\u0144com roli Szewcy za posprz\u0105tanie \u015bwi\u0105tyni, z\u0142o\u017con\u0105 ofiar\u0119 na ko\u015bci\u00f3\u0142 oraz za zam\u00f3wione msze \u015bw.: nowennow\u0105 i pi\u0105tkow\u0105. O przygotowanie ko\u015bcio\u0142a w tym tygodniu prosimy mieszka\u0144c\u00f3w roli Kluski, kt\u00f3r\u0105 podzielili\u015bmy na 3. cz\u0119\u015bci.<\/p>\n<p>Ofiar\u0119 na ko\u015bci\u00f3\u0142 z\u0142o\u017cyli narzeczeni Marzena Kostruch i Wojciech Ulmaniec oraz chorzy, kt\u00f3rych wczoraj odwiedzili\u015bmy w ich domach: Rozali\u0105 Halek, Michalina Kostecka, Stanis\u0142aw Wr\u00f3bel, Aniela J\u0105tyka, Henryk Filipek, Stefania Hobot, Aniela Jamrozik, Maria Hobot, Wiktoria Nawara, J\u00f3zef Kluska, Jadwiga S\u0142onina, Wiktoria Durek, Janina J\u0119droszak, Anna Pachura, , Zofia Flaga, Zofia Tajs, Krystyna Polaniak, Zofia Polaniak, Krystyna i Czes\u0142aw Kosek, Anna Wr\u00f3bel, Franciszek Tryba\u0142a, Stanis\u0142awa Hobot, Marianna P\u0119cek, Janina Kluska.<\/p>\n<p>Dzisiaj o godz. 14.00 adoracja Naj\u015bwi\u0119tszego Sakramentu. Wraz z cz\u0142onkami Apostolstwa Pomocy Duszom w Czy\u015b\u0107cu Cierpi\u0105cym b\u0119dziemy modli\u0107 si\u0119 w intencji dusz potrzebuj\u0105cych duchowego ratunku.<\/p>\n<p>Wczoraj spotkaniem z chorymi i ma\u0142\u017conkami rozpocz\u0119li\u015bmy Rekolekcje Wielkopostne. Tematem rekolekcji jest: \u201eKo\u015bci\u00f3\u0142 \u2013 dom Boga i wsp\u00f3lnota uczni\u00f3w\u201d. Nauki rekolekcyjne g\u0142osi ks. dr Marcin Cholewa, duszpasterz akademicki, wyk\u0142adowca na Uniwersytecie Papieskim Jana Paw\u0142a II w Krakowie.<\/p>\n<p>Dzisiaj o godz. 07.00, 11.00 i bezpo\u015brednio po Gorzkich \u017balach msze \u015bwi\u0119te z nauk\u0105 og\u00f3ln\u0105.<br \/>\nO godz. 09.00 msza \u015bwi\u0119ta z nauk\u0105 dla dzieci.<br \/>\nO godz. 15.00 Gorzkie \u017bale z kazaniem pasyjnym. Sk\u0142adka na Gorzkich \u017balach jest przeznaczona na dekoracj\u0119, \u015bwiat\u0142o i kwiaty do Bo\u017cego Grobu.<\/p>\n<p>Spowied\u017a \u015bwi\u0119ta, 30 minut przed ka\u017cd\u0105 msz\u0105 \u015bwi\u0119t\u0105!<\/p>\n<p>Poniedzia\u0142ek, Wtorek i \u015aroda<br \/>\n07.00 i 18.00 msza \u015bwi\u0119ta z nauk\u0105 og\u00f3ln\u0105.<br \/>\n15.30 nauka dla dzieci z klas: od 0 do 3 klasy.<br \/>\n16.30 nauka dla dzieci z klas: od 4 klasy do 6 klasy.<br \/>\n18.00 msza \u015bwi\u0119ta z nauk\u0105 og\u00f3ln\u0105.<br \/>\n19.30 nauka dla m\u0142odzie\u017cy, szczeg\u00f3lnie m\u0142odzie\u017cy z klas 7 i 8 (poniedzia\u0142ek i wtorek).<\/p>\n<p>We \u015brod\u0119, w dniu zako\u0144czenia naszych rekolekcji, na mszach \u015bwi\u0119tych \u2013 rano o godz. 7.00 i wieczorem o godz. 18.00 b\u0119dzie zbierana sk\u0142adka z przeznaczeniem na potrzeby naukowe naszego Rekolekcjonisty. Niech b\u0119dzie ona tak\u017ce wyrazem naszej ludzkiej \u017cyczliwo\u015bci i wdzi\u0119czno\u015bci za jego pos\u0142ug\u0119 duszpastersk\u0105 w czasie tegorocznych rekolekcji.<\/p>\n<p>Zach\u0119camy do udzia\u0142u w nabo\u017ce\u0144stwach wielkopostnych: Droga Krzy\u017cowa w pi\u0105tek: o godz. 17.15 oraz o godz. 19.30. Na t\u0119 Drog\u0119 Krzy\u017cow\u0105 zapraszamy kandydat\u00f3w do bierzmowania z klas 8 wraz z rodzicami. Po nabo\u017ce\u0144stwie celebracja.<\/p>\n<p>Za tydzie\u0144 Niedziela Palmowa.Uroczysto\u015bciom przewodniczy\u0107 b\u0119dzie bp Artur Mizi\u0144ski, biskup pomocniczy Archidiecezji Lubelskiej, by\u0142y sekretarz generalny Konferencji Episkopatu Polski.<br \/>\n<span style=\"color: #ff0000;\"><strong>Okazja do spowiedzi przed \u015awi\u0119tami &#8211; 30 min. przed ka\u017cd\u0105 msz\u0105 \u015bwi\u0119t\u0105!<\/strong><\/span><br \/>\nZostali zaproszeni dwaj spowiednicy z Krakowa, b\u0119dzie tak\u017ce dodatkowo ks. Leszek z Wi\u0119ci\u00f3rki. Zaplanujmy sobie ten czas i przyjd\u017amy do \u015bwi\u0105tyni nieco wcze\u015bniej, aby skorzysta\u0107 z dogodnych warunk\u00f3w do spowiedzi, kiedy nic nie b\u0119dzie nas rozprasza\u0107 i przeszkadza\u0107 w skupieniu. Nie odk\u0142adajmy spowiedzi na ostatni Wielki Tydzie\u0144, tym bardziej, \u017ce od Wielkiego Czwartku nie b\u0119dzie ju\u017c takiej sposobno\u015bci.<\/p>\n<p>Uroczyste b\u0142ogos\u0142awie\u0144stwo palm i procesja wok\u00f3\u0142 ko\u015bcio\u0142a rozpocznie si\u0119 o godz. 11.00. Zapraszamy: Orkiestr\u0119 D\u0119t\u0105 OSP Tokarnia; naszych druh\u00f3w Stra\u017cak\u00f3w w mundurach galowych; Kliszczak\u00f3w w strojach regionalnych oraz nasze tokarskie rodziny.<\/p>\n<p>W niedziel\u0119 nie b\u0119dzie Drogi Krzy\u017cowej po zako\u0144czonej sumie. Gorzkie \u017bale o godz. 15.00. Po zako\u0144czeniu nabo\u017ce\u0144stwa msza \u015bwi\u0119ta popo\u0142udniowa.<\/p>\n<p>Przypominamy, o konkursach, kt\u00f3re nasza parafia organizuje razem z Kliszczackim Centrum Kultury: na Najwy\u017csz\u0105 Palm\u0119 Wielkanocn\u0105 oraz o najciekawsze zdj\u0119cie z tegorocznej Niedzieli Palmowej w konkursie fotograficznym. Szczeg\u00f3\u0142y na stronach internetowych organizator\u00f3w: Kliszczackiego Centrum Kultury i naszej Parafii.<\/p>\n<p>Po po\u0142udniu, o godz. 17.00 zapraszamy wraz z Kliszczackim Centrum Kultury na muzyczno-poetyck\u0105 Drog\u0119 Krzy\u017cow\u0105 w wykonaniu zespo\u0142u \u201eNORO LIM\u201d pt. \u201dIdziemy za Tob\u0105\u201d . Ten zestaw szesnastu utwor\u00f3w sk\u0142adaj\u0105cych si\u0119 na bardzo emocjonalne rozwa\u017cania Drogi Krzy\u017cowej pomo\u017ce nam w wielkopostnej refleksji zwi\u0105zanej z wydarzeniami sprzed dw\u00f3ch tysi\u0119cy lat, kt\u00f3re znajduj\u0105 odniesienie do naszego dzisiejszego \u017cycia.<\/p>\n<p>W ka\u017cd\u0105 sobot\u0119 Wielkiego Postu na Kalwarii Tokarskiej o godz. 19.00 odprawiana jest \u201eDroga Krzy\u017cowa o Zmroku\u201d. Zabierzmy ze sob\u0105 krzy\u017c, latark\u0119 i ubierzmy si\u0119 stosownie do panuj\u0105cej pogody.<\/p>\n<p>Zach\u0119camy do nabycia Barank\u00f3w Caritas na st\u00f3\u0142 wielkanocny.<\/p>\n<p>Przez ca\u0142y Wielki Post w ramach parafialnej akcji \u201ePodziel si\u0119 mi\u0142o\u015bci\u0105\u201d mo\u017cemy sk\u0142ada\u0107 do skarbony, kt\u00f3ra jest cz\u0119\u015bci\u0105 dekoracji przed o\u0142tarzem ja\u0142mu\u017cn\u0119 wielkopostn\u0105, kt\u00f3r\u0105 \u2013 jak co roku &#8211; przeka\u017cemy najbardziej potrzebuj\u0105cym rodzinom w naszej parafialnej wsp\u00f3lnocie.<\/p>\n<p>W dniu 10 kwietnia (czwartek) o godz. 18.00 msz\u0105 \u015bw. w ko\u015bciele parafialnym rozpocznie si\u0119 spotkanie dla kobiet. Na pytanie: \u201eDlaczego nie mo\u017cemy si\u0119 dogada\u0107 i jak to zmieni\u0107\u201d odpowie Renata Czerwicka. Zapraszamy.<\/p>\n<p>Solenizantkom, Solenizantom tego tygodnia oraz Jubilatom sk\u0142adamy najlepsze \u017cyczenia. Wszystkim Go\u015bciom oraz naszym Parafianom \u017cyczymy b\u0142ogos\u0142awionej niedzieli, dobrego rodzinnego \u015bwi\u0119towania oraz owoc\u00f3w wielkopostnego czasu.<\/p>\n<p>W\u00f3jt Gminy Tokarnia informuje, \u017ce od 1 stycznia 2025 r. zu\u017cytej odzie\u017cy i tekstyli\u00f3w nie wyrzucamy do worka na odpady zmieszane.<br \/>\nOdzie\u017c w dobrym stanie mo\u017cna odda\u0107 do kontener\u00f3w PCK w Tokarni, Krzczonowie i Skomielnej Czarnej.<br \/>\nPozosta\u0142\u0105 odzie\u017c i tekstylia mo\u017cna wyrzuci\u0107 do du\u017cego kontenera na parkingu przy Urz\u0119dzie Gminy.<br \/>\nRaz na kwarta\u0142 b\u0119dzie mo\u017cliwo\u015b\u0107 oddania ubra\u0144 i tekstyli\u00f3w w workach spod dom\u00f3w przy wywozie odpad\u00f3w \u2013 najbli\u017csze wywozy 14, 15 i 16 kwietnia.<br \/>\nKody kreskowe na tekstylia i szczeg\u00f3\u0142owe informacje mo\u017cna uzyska\u0107 w Urz\u0119dzie Gminy, pok\u00f3j numer 6.<\/p>\n","protected":false},"excerpt":{"rendered":"<p>Dzi\u0119kujemy mieszka\u0144com roli Szewcy za posprz\u0105tanie \u015bwi\u0105tyni, z\u0142o\u017con\u0105 ofiar\u0119 na ko\u015bci\u00f3\u0142 oraz za zam\u00f3wione msze \u015bw.: nowennow\u0105 i pi\u0105tkow\u0105. O przygotowanie ko\u015bcio\u0142a w tym tygodniu prosimy mieszka\u0144c\u00f3w roli Kluski, kt\u00f3r\u0105 podzielili\u015bmy na 3. cz\u0119\u015bci. Ofiar\u0119 na ko\u015bci\u00f3\u0142 z\u0142o\u017cyli narzeczeni Marzena Kostruch i Wojciech Ulmaniec oraz chorzy, kt\u00f3rych wczoraj odwiedzili\u015bmy w ich domach: Rozali\u0105 Halek, Michalina [&hellip;]<\/p>\n","protected":false},"author":4,"featured_media":0,"comment_status":"closed","ping_status":"closed","sticky":false,"template":"","format":"standard","meta":{"footnotes":""},"categories":[6],"tags":[],"class_list":["post-12180","post","type-post","status-publish","format-standard","hentry","category-ogloszenia"],"_links":{"self":[{"href":"https:\/\/parafiatokarnia.pl\/index.php?rest_route=\/wp\/v2\/posts\/12180","targetHints":{"allow":["GET"]}}],"collection":[{"href":"https:\/\/parafiatokarnia.pl\/index.php?rest_route=\/wp\/v2\/posts"}],"about":[{"href":"https:\/\/parafiatokarnia.pl\/index.php?rest_route=\/wp\/v2\/types\/post"}],"author":[{"embeddable":true,"href":"https:\/\/parafiatokarnia.pl\/index.php?rest_route=\/wp\/v2\/users\/4"}],"replies":[{"embeddable":true,"href":"https:\/\/parafiatokarnia.pl\/index.php?rest_route=%2Fwp%2Fv2%2Fcomments&post=12180"}],"version-history":[{"count":15,"href":"https:\/\/parafiatokarnia.pl\/index.php?rest_route=\/wp\/v2\/posts\/12180\/revisions"}],"predecessor-version":[{"id":12195,"href":"https:\/\/parafiatokarnia.pl\/index.php?rest_route=\/wp\/v2\/posts\/12180\/revisions\/12195"}],"wp:attachment":[{"href":"https:\/\/parafiatokarnia.pl\/index.php?rest_route=%2Fwp%2Fv2%2Fmedia&parent=12180"}],"wp:term":[{"taxonomy":"category","embeddable":true,"href":"https:\/\/parafiatokarnia.pl\/index.php?rest_route=%2Fwp%2Fv2%2Fcategories&post=12180"},{"taxonomy":"post_tag","embeddable":true,"href":"https:\/\/parafiatokarnia.pl\/index.php?rest_route=%2Fwp%2Fv2%2Ftags&post=12180"}],"curies":[{"name":"wp","href":"https:\/\/api.w.org\/{rel}","templated":true}]}}