{"id":12137,"date":"2025-03-29T16:15:35","date_gmt":"2025-03-29T16:15:35","guid":{"rendered":"https:\/\/parafiatokarnia.pl\/?p=12137"},"modified":"2025-03-29T16:21:35","modified_gmt":"2025-03-29T16:21:35","slug":"4-niedziela-wielkiego-postu-2025","status":"publish","type":"post","link":"https:\/\/parafiatokarnia.pl\/?p=12137","title":{"rendered":"4. NIEDZIELA WIELKIEGO POSTU 2025"},"content":{"rendered":"<p>W ubieg\u0142ym tygodniu odby\u0142 si\u0119 pogrzeb \u015bp. Antoniego P\u0119cka z roli Wierdonki. Pole\u0107my dusz\u0119 naszego zmar\u0142ego Brata Bo\u017cemu Mi\u0142osierdziu.<\/p>\n<p>Dzi\u0119kujemy mieszka\u0144com roli Mizery za posprz\u0105tanie \u015bwi\u0105tyni, z\u0142o\u017con\u0105 ofiar\u0119 na ko\u015bci\u00f3\u0142 oraz za zam\u00f3wione msze \u015bw.: nowennow\u0105 i pi\u0105tkow\u0105. O przygotowanie ko\u015bcio\u0142a w tym tygodniu prosimy mieszka\u0144c\u00f3w ca\u0142ej roli Szewcy.<\/p>\n<p>Przy okazji pragniemy bardzo podzi\u0119kowa\u0107 osobom, kt\u00f3re w ostatnim czasie wykona\u0142y ogrom bezinteresownej &#8211; aczkolwiek widocznej go\u0142ym okiem ci\u0119\u017ckiej pracy &#8211; zar\u00f3wno przy wiosennych porz\u0105dkach w ogrodzie parafialnym, jak i wok\u00f3\u0142 ko\u015bcio\u0142a. Wyra\u017camy wdzi\u0119czno\u015b\u0107 p. Tomaszowi Kozio\u0142owi, w\u0142a\u015bcicielowi firmy \u201eFlora\u201d, kt\u00f3ra zajmuje si\u0119 piel\u0119gnacj\u0105 zieleni; naszym wspania\u0142ym Parafiankom: Ma\u0142gorzacie, Michalinie, Zofii, Irenie, Janinie, Agacie, Katarzynie oraz Panom: Stanis\u0142awowi i Bogus\u0142awowi. To dzi\u0119ki ich determinacji i trosce o wsp\u00f3lne dobro teren wok\u00f3\u0142 \u015bwi\u0105tyni i plebanii jest zadbany, czysty i schludny.<\/p>\n<p>W zwi\u0105zku ze zbli\u017caj\u0105c\u0105 si\u0119 Niedziel\u0105 Palmow\u0105, uprzejmie prosimy nasze Parafianki o przygotowanie ko\u015bcio\u0142a na uroczysto\u015b\u0107 oraz udekorowanie palmami tokarskimi o\u0142tarzy i naszej \u015bwi\u0105tyni.<\/p>\n<p>Ofiar\u0119 na ko\u015bci\u00f3\u0142 z\u0142o\u017cy\u0142 Stanis\u0142aw Filipek z rodzin\u0105.<\/p>\n<p>Zach\u0119camy do udzia\u0142u w nabo\u017ce\u0144stwach wielkopostnych: Droga Krzy\u017cowa w pi\u0105tek: o godz. 17.15 oraz o godz. 19.30.<\/p>\n<p>W niedziel\u0119: Droga Krzy\u017cowa po zako\u0144czonej sumie. Gorzkie \u017bale o godz. 15.00. Sk\u0142adka na Gorzkich \u017balach jest przeznaczona na dekoracj\u0119, \u015bwiat\u0142o i kwiaty do Bo\u017cego Grobu. Po zako\u0144czeniu nabo\u017ce\u0144stwa msza \u015bwi\u0119ta popo\u0142udniowa.<\/p>\n<p>W najbli\u017csz\u0105 sobot\u0119, tj. 5 kwietnia rozpoczniemy Parafialne Rekolekcje Wielkopostne. Tegoroczne rekolekcje poprowadzi ks. dr Marcin Cholewa, duszpasterz akademicki.<\/p>\n<p>Tematem tegorocznych rekolekcji b\u0119dzie \u201eKo\u015bci\u00f3\u0142 \u2013 dom Boga i wsp\u00f3lnota uczni\u00f3w\u201d. Nauki rekolekcyjne wyg\u0142osi ks. dr Marcin Cholewa, duszpasterz akademicki, wyk\u0142adowca na Uniwersytecie Papieskim Jana Paw\u0142a II w Krakowie.<\/p>\n<p>Sobota, 5 kwietnia 2025<br \/>\n08.30 spowied\u017a dla chorych.<br \/>\n09.00 msza \u015bwi\u0119ta z nauk\u0105 dla chorych i Sakramentem Namaszczenia Chorych.<br \/>\n10.30 odwiedziny chorych w ich domach. Zapisy chorych w zakrystii.<br \/>\n18.00 msza \u015bwi\u0119ta z nauk\u0105 dla ma\u0142\u017ce\u0144stw.<\/p>\n<p>Niedziela, 6 kwietnia 2025<br \/>\n07.00 msza \u015bwi\u0119ta z nauk\u0105 og\u00f3ln\u0105.<br \/>\n09.00 msza \u015bwi\u0119ta z nauk\u0105 dla dzieci.<br \/>\n11.00 msza \u015bwi\u0119ta z nauk\u0105 og\u00f3ln\u0105.<br \/>\n<strong><span style=\"color: #ff0000;\">Spowied\u017a \u015bwi\u0119ta, 20 minut przed ka\u017cd\u0105 msz\u0105 \u015bwi\u0119t\u0105!<\/span><\/strong><br \/>\n15.00 Gorzkie \u017bale z kazaniem pasyjnym.<br \/>\nBezpo\u015brednio po tym nabo\u017ce\u0144stwie msza \u015bwi\u0119ta z nauk\u0105 og\u00f3ln\u0105.<\/p>\n<p>Poniedzia\u0142ek, 7 kwietnia 2025<br \/>\n07.00 msza \u015bwi\u0119ta z nauk\u0105 og\u00f3ln\u0105.<br \/>\n15.30 nauka dla dzieci z klas: od 0 do 3 klasy.<br \/>\n16.30 nauka dla dzieci z klas: od 4 klasy do 6 klasy.<br \/>\n18.00 msza \u015bwi\u0119ta z nauk\u0105 og\u00f3ln\u0105.<br \/>\n19.30 nauka dla m\u0142odzie\u017cy, szczeg\u00f3lnie m\u0142odzie\u017cy z klas 7 i 8.<\/p>\n<p>Wtorek, 8 kwietnia 2025<br \/>\n07.00 msza \u015bwi\u0119ta z nauk\u0105 og\u00f3ln\u0105.<br \/>\n15.30 nauka dla dzieci z klas: od 0 do 3 klasy.<br \/>\n16.30 nauka dla dzieci z klas: od 4 klasy do 6 klasy.<br \/>\n18.00 msza \u015bwi\u0119ta z nauk\u0105 og\u00f3ln\u0105.<br \/>\n19.30 nauka dla m\u0142odzie\u017cy, szczeg\u00f3lnie m\u0142odzie\u017cy z klas 7 i 8.<\/p>\n<p>\u015aroda, 9 kwietnia 2025<br \/>\n07.00 msza \u015bwi\u0119ta z nauk\u0105 og\u00f3ln\u0105.<br \/>\n15.30 nauka dla dzieci z klas: od 0 do 3 klasy.<br \/>\n16.30 nauka dla dzieci z klas: od 4 klasy do 6 klasy.<br \/>\n18.00 msza \u015bwi\u0119ta z nauk\u0105 og\u00f3ln\u0105 dla wszystkich \u2013 zako\u0144czenie rekolekcji.<\/p>\n<p>M\u00f3dlmy si\u0119, aby ten szczeg\u00f3lny czas, jakimi s\u0105 rekolekcje umo\u017cliwi\u0142y nam zatrzymanie si\u0119 w codziennym biegu \u017cycia, zastanowienie nad w\u0142asn\u0105 wiar\u0105, a tak\u017ce stanowi\u0142y inspiracj\u0119 do przemy\u015blenia osobistej relacji z Bogiem i bli\u017animi.<\/p>\n<p>W ka\u017cd\u0105 sobot\u0119 Wielkiego Postu na Kalwarii Tokarskiej o godz. 19.00 odprawiana jest \u201eDroga Krzy\u017cowa o Zmroku\u201d.<\/p>\n<p>Zach\u0119camy do czytania prasy katolickiej oraz nabycia Barank\u00f3w Caritas na st\u00f3\u0142 wielkanocny.<\/p>\n<p>Przez ca\u0142y Wielki Post w ramach parafialnej akcji \u201ePodziel si\u0119 mi\u0142o\u015bci\u0105\u201d mo\u017cemy sk\u0142ada\u0107 do skarbony, kt\u00f3ra jest cz\u0119\u015bci\u0105 dekoracji przed o\u0142tarzem ja\u0142mu\u017cn\u0119 wielkopostn\u0105, kt\u00f3r\u0105 \u2013 jak co roku &#8211; przeka\u017cemy najbardziej potrzebuj\u0105cym rodzinom w naszej parafialnej wsp\u00f3lnocie.<\/p>\n<p>Kliszczackie Centrum Kultury w Tokarni wraz z Teatrem pod Zamkiem w Dobczycach zapraszaj\u0105 nas dzisiaj o godz. 16.30 na spektakl \u201eZemsta\u201d, w re\u017cyserii Magdaleny Soko\u0142owskiej-Gawro\u0144skiej, kt\u00f3ry zostanie wystawiony na scenie KCK w Tokarni.<\/p>\n<p>Solenizantkom, Solenizantom tego tygodnia oraz Jubilatom sk\u0142adamy najlepsze \u017cyczenia. Wszystkim Go\u015bciom oraz naszym Parafianom \u017cyczymy b\u0142ogos\u0142awionej niedzieli, dobrego rodzinnego \u015bwi\u0119towania oraz owoc\u00f3w wielkopostnego czasu.<\/p>\n","protected":false},"excerpt":{"rendered":"<p>W ubieg\u0142ym tygodniu odby\u0142 si\u0119 pogrzeb \u015bp. Antoniego P\u0119cka z roli Wierdonki. Pole\u0107my dusz\u0119 naszego zmar\u0142ego Brata Bo\u017cemu Mi\u0142osierdziu. Dzi\u0119kujemy mieszka\u0144com roli Mizery za posprz\u0105tanie \u015bwi\u0105tyni, z\u0142o\u017con\u0105 ofiar\u0119 na ko\u015bci\u00f3\u0142 oraz za zam\u00f3wione msze \u015bw.: nowennow\u0105 i pi\u0105tkow\u0105. O przygotowanie ko\u015bcio\u0142a w tym tygodniu prosimy mieszka\u0144c\u00f3w ca\u0142ej roli Szewcy. Przy okazji pragniemy bardzo podzi\u0119kowa\u0107 osobom, [&hellip;]<\/p>\n","protected":false},"author":4,"featured_media":0,"comment_status":"closed","ping_status":"closed","sticky":false,"template":"","format":"standard","meta":{"footnotes":""},"categories":[6],"tags":[],"class_list":["post-12137","post","type-post","status-publish","format-standard","hentry","category-ogloszenia"],"_links":{"self":[{"href":"https:\/\/parafiatokarnia.pl\/index.php?rest_route=\/wp\/v2\/posts\/12137","targetHints":{"allow":["GET"]}}],"collection":[{"href":"https:\/\/parafiatokarnia.pl\/index.php?rest_route=\/wp\/v2\/posts"}],"about":[{"href":"https:\/\/parafiatokarnia.pl\/index.php?rest_route=\/wp\/v2\/types\/post"}],"author":[{"embeddable":true,"href":"https:\/\/parafiatokarnia.pl\/index.php?rest_route=\/wp\/v2\/users\/4"}],"replies":[{"embeddable":true,"href":"https:\/\/parafiatokarnia.pl\/index.php?rest_route=%2Fwp%2Fv2%2Fcomments&post=12137"}],"version-history":[{"count":7,"href":"https:\/\/parafiatokarnia.pl\/index.php?rest_route=\/wp\/v2\/posts\/12137\/revisions"}],"predecessor-version":[{"id":12144,"href":"https:\/\/parafiatokarnia.pl\/index.php?rest_route=\/wp\/v2\/posts\/12137\/revisions\/12144"}],"wp:attachment":[{"href":"https:\/\/parafiatokarnia.pl\/index.php?rest_route=%2Fwp%2Fv2%2Fmedia&parent=12137"}],"wp:term":[{"taxonomy":"category","embeddable":true,"href":"https:\/\/parafiatokarnia.pl\/index.php?rest_route=%2Fwp%2Fv2%2Fcategories&post=12137"},{"taxonomy":"post_tag","embeddable":true,"href":"https:\/\/parafiatokarnia.pl\/index.php?rest_route=%2Fwp%2Fv2%2Ftags&post=12137"}],"curies":[{"name":"wp","href":"https:\/\/api.w.org\/{rel}","templated":true}]}}