{"id":12073,"date":"2025-03-03T14:44:27","date_gmt":"2025-03-03T14:44:27","guid":{"rendered":"https:\/\/parafiatokarnia.pl\/?p=12073"},"modified":"2025-03-03T14:44:45","modified_gmt":"2025-03-03T14:44:45","slug":"sroda-popielcowa-a-d-2025","status":"publish","type":"post","link":"https:\/\/parafiatokarnia.pl\/?p=12073","title":{"rendered":"\u015aRODA POPIELCOWA A.D. 2025"},"content":{"rendered":"<p>Dzisiaj \u015aroda Popielcowa. Rozpoczynamy Wielki Post. Msze \u015bw. z obrz\u0119dem posypania g\u0142\u00f3w popio\u0142em o godz. 7:00, 9:00, 18:00 i 19:30. Nowenna do Matki Bo\u017cej Nieustaj\u0105cej Pomocy 15 min. przed msz\u0105 \u015bwi\u0119t\u0105 wieczorn\u0105.<\/p>\n<p>Wielki Post to tak\u017ce czas nabo\u017ce\u0144stw i duchowych prze\u017cy\u0107, w kt\u00f3rych rozwa\u017camy m\u0119k\u0119 i \u015bmier\u0107 Chrystusa oraz cierpie\u0144 Jego Matki. Nabo\u017ce\u0144stwa wielkopostne odbywa\u0107 si\u0119 b\u0119d\u0105 w naszym ko\u015bciele wg nast\u0119puj\u0105cego porz\u0105dku:<\/p>\n<p>Droga Krzy\u017cowa w pi\u0105tki<br \/>\n godz. 17:15 \u2013 Droga Krzy\u017cowa dla wszystkich, szczeg\u00f3lnie dla dzieci, a bezpo\u015brednio po niej msza \u015bw. wieczorna;<br \/>\n godz. 19:30 \u2013 Droga Krzy\u017cowa dla m\u0142odzie\u017cy oraz wszystkich tych, kt\u00f3rzy wcze\u015bniej nie mogli uczestniczy\u0107.<\/p>\n<p>Gorzkie \u017bale o godz. 15:00 w niedziel\u0119. Wcze\u015bniej, po zako\u0144czonej sumie o godz. 11:00 Droga Krzy\u017cowa.<\/p>\n<p>W najbli\u017csz\u0105 niedziel\u0119 w godzinach od 8:00 do 12:00 w Przychodni w Krzczonowie b\u0119d\u0105 na ch\u0119tnych krwiodawc\u00f3w czeka\u0107 pracownicy Rejonowego Punktu Krwiodawstwa z My\u015blenic Zapraszamy do udzia\u0142u w akcji krwiodawstwa. Niezb\u0119dne informacje znajduj\u0105 si\u0119 na stronie Przychodni.<\/p>\n<p>Grupa EDK Jordan\u00f3w zaprasza na \u201eDrog\u0119 Krzy\u017cow\u0105 o Zmroku\u201d na naszej pi\u0119knej, sprzyjaj\u0105cej modlitwie i skupieniu Kalwarii Tokarskiej.<br \/>\nNabo\u017ce\u0144stwo odbywa\u0107 si\u0119 b\u0119dzie tradycyjnie w ka\u017cd\u0105 sobot\u0119 Wielkiego Postu o godzinie 19.00. Zabierzmy ze sob\u0105 krzy\u017c, latark\u0119 i ubierzmy si\u0119 stosownie do panuj\u0105cych warunk\u00f3w atmosferycznych.<\/p>\n<p>Przed nami 40. dni Wielkiego Postu. Spr\u00f3bujmy wi\u0119c prze\u017cy\u0107 ten szczeg\u00f3lny czas w duchu wdzi\u0119czno\u015bci Bogu za to, co zrobi\u0142 i ci\u0105gle dla nas robi. <\/p>\n<p>W tym Wielkim Po\u015bcie, ubogaconym \u0142ask\u0105 Roku Jubileuszowego zweryfikujmy, czy w naszym \u017cyciu, w naszych rodzinach, w miejscach, w kt\u00f3rych pracujemy, w naszej wsp\u00f3lnocie parafialnej, jeste\u015bmy zdolni do przebaczenia, kroczenia z innymi, do s\u0142uchania innych, do przezwyci\u0119\u017cania egoizmu i pokusy dbania wy\u0142\u0105cznie o w\u0142asne potrzeby. Niech Dziewica Maryja, Matka Nadziei, wstawia si\u0119 za nami i towarzyszy nam w wielkopostnej drodze.<\/p>\n","protected":false},"excerpt":{"rendered":"<p>Dzisiaj \u015aroda Popielcowa. Rozpoczynamy Wielki Post. Msze \u015bw. z obrz\u0119dem posypania g\u0142\u00f3w popio\u0142em o godz. 7:00, 9:00, 18:00 i 19:30. Nowenna do Matki Bo\u017cej Nieustaj\u0105cej Pomocy 15 min. przed msz\u0105 \u015bwi\u0119t\u0105 wieczorn\u0105. Wielki Post to tak\u017ce czas nabo\u017ce\u0144stw i duchowych prze\u017cy\u0107, w kt\u00f3rych rozwa\u017camy m\u0119k\u0119 i \u015bmier\u0107 Chrystusa oraz cierpie\u0144 Jego Matki. Nabo\u017ce\u0144stwa wielkopostne odbywa\u0107 [&hellip;]<\/p>\n","protected":false},"author":4,"featured_media":0,"comment_status":"closed","ping_status":"closed","sticky":false,"template":"","format":"standard","meta":{"footnotes":""},"categories":[6],"tags":[],"class_list":["post-12073","post","type-post","status-publish","format-standard","hentry","category-ogloszenia"],"_links":{"self":[{"href":"https:\/\/parafiatokarnia.pl\/index.php?rest_route=\/wp\/v2\/posts\/12073","targetHints":{"allow":["GET"]}}],"collection":[{"href":"https:\/\/parafiatokarnia.pl\/index.php?rest_route=\/wp\/v2\/posts"}],"about":[{"href":"https:\/\/parafiatokarnia.pl\/index.php?rest_route=\/wp\/v2\/types\/post"}],"author":[{"embeddable":true,"href":"https:\/\/parafiatokarnia.pl\/index.php?rest_route=\/wp\/v2\/users\/4"}],"replies":[{"embeddable":true,"href":"https:\/\/parafiatokarnia.pl\/index.php?rest_route=%2Fwp%2Fv2%2Fcomments&post=12073"}],"version-history":[{"count":2,"href":"https:\/\/parafiatokarnia.pl\/index.php?rest_route=\/wp\/v2\/posts\/12073\/revisions"}],"predecessor-version":[{"id":12075,"href":"https:\/\/parafiatokarnia.pl\/index.php?rest_route=\/wp\/v2\/posts\/12073\/revisions\/12075"}],"wp:attachment":[{"href":"https:\/\/parafiatokarnia.pl\/index.php?rest_route=%2Fwp%2Fv2%2Fmedia&parent=12073"}],"wp:term":[{"taxonomy":"category","embeddable":true,"href":"https:\/\/parafiatokarnia.pl\/index.php?rest_route=%2Fwp%2Fv2%2Fcategories&post=12073"},{"taxonomy":"post_tag","embeddable":true,"href":"https:\/\/parafiatokarnia.pl\/index.php?rest_route=%2Fwp%2Fv2%2Ftags&post=12073"}],"curies":[{"name":"wp","href":"https:\/\/api.w.org\/{rel}","templated":true}]}}