{"id":12055,"date":"2025-02-24T10:51:23","date_gmt":"2025-02-24T10:51:23","guid":{"rendered":"https:\/\/parafiatokarnia.pl\/?p=12055"},"modified":"2025-02-24T10:51:23","modified_gmt":"2025-02-24T10:51:23","slug":"7-niedziela-zwykla-2025","status":"publish","type":"post","link":"https:\/\/parafiatokarnia.pl\/?p=12055","title":{"rendered":"7. NIEDZIELA ZWYK\u0141A 2025"},"content":{"rendered":"<p>Dzi\u0119kujemy mieszka\u0144com 1. cz\u0119\u015bci roli Kostruchy za posprz\u0105tanie \u015bwi\u0105tyni oraz porz\u0105dki wok\u00f3\u0142 niej. O przygotowanie ko\u015bcio\u0142a w tym tygodniu prosimy mieszka\u0144c\u00f3w 2. cz\u0119\u015bci tej roli. <\/p>\n<p>Dzisiaj, po zako\u0144czonej sumie, w ramach 40-godzinnego nabo\u017ce\u0144stwa adoracja Pana Jezusa w Naj\u015bwi\u0119tszym Sakramencie O\u0142tarza do godz. 15.30. Znajd\u017amy wi\u0119c w tym wyj\u0105tkowym czasie, jakim jest Rok \u015awi\u0119ty kr\u00f3tk\u0105 chwil\u0119 w ci\u0105gu dnia na nasze osobiste spotkanie z Chrystusem. <\/p>\n<p>Trwa w naszej parafii Wielka Nowenna za Polsk\u0119 i nasz Nar\u00f3d. Nowenna potrwa do 15 kwietnia. Ukoronowaniem Nowenny b\u0119dzie zawierzenie Polski Mi\u0142osierdziu Bo\u017cemu. Ka\u017cdy uczestnik Nowenny zobowi\u0105zany jest do odm\u00f3wienia codziennie jednej cz\u0119\u015bci r\u00f3\u017ca\u0144ca \u015bwi\u0119tego, Koronki do Bo\u017cego Mi\u0142osierdzia, modlitwy za Ojczyzn\u0119 i do przyj\u0119cia w ka\u017cd\u0105 niedziel\u0119 Komunii \u015awi\u0119tej Wynagradzaj\u0105cej za grzechy Polak\u00f3w. Zapraszamy do modlitwy wszystkich, kt\u00f3rym le\u017cy na sercu dobro naszej Ojczyzny. <\/p>\n<p>Najbli\u017csza sobota, to pierwsza sobota miesi\u0105ca. O godz. 7.00 msza \u015bw. wotywna o Niepokalanym Sercu NMP i r\u00f3\u017caniec wynagradzaj\u0105cy za grzechy, kt\u00f3re dotkliwie rani\u0105 Serce Boga i naszej Matki. W tym dniu obchodzimy tak\u017ce dzie\u0144 pami\u0119ci o \u017bo\u0142nierzach Wykl\u0119tych.<\/p>\n<p>W imieniu Orkiestry D\u0119tej OSP Tokarnia w przededniu Dnia Kobiet zapraszamy w sobot\u0119, 1 marca o godz. 18.00 na koncert \u201eBy\u0107 kobiet\u0105\u201d. Po koncercie odb\u0119dzie si\u0119 zbi\u00f3rka dobroczynna dla Igi i Laury, kt\u00f3ra w ca\u0142o\u015bci zostanie przeznaczona na pokrycie koszt\u00f3w leczenia i rehabilitacji naszych ma\u0142ych i dzielnych Parafianek. Zach\u0119camy do wzi\u0119cia udzia\u0142u w tym muzycznej uczcie dla ducha, ale, w tym konkretnym przypadku tak\u017ce i dla cia\u0142a. Przypominamy tak\u017ce o mo\u017cliwo\u015bci przekazania p\u00f3\u0142tora procenta podatku na rzecz Igi i Laury. <\/p>\n<p>W nast\u0119pn\u0105 niedziel\u0119 na msz\u0119 \u015bw. o godz. 9.00 zapraszamy dzieci z klas 3 razem z dziadkami na celebracj\u0119 po\u015bwi\u0119cenia i wr\u0119czenia dzieciom ksi\u0105\u017ceczek do modlitwy.<\/p>\n<p>W przysz\u0142\u0105 niedziel\u0119 nasza parafia wraz z Cukierni\u0105 \u201eHanusiak\u201d organizuje doroczn\u0105 akcj\u0119 ,,P\u0105czek dla Afryki&#8221;. Po ka\u017cdej mszy \u015bw. za dobrowoln\u0105 ofiar\u0119 b\u0119dzie mo\u017cna zakupi\u0107 p\u0105czka, a przez to wspom\u00f3c misjonarzy pracuj\u0105cych w Afryce. Datki zostan\u0105 przeznaczone na do\u017cywianie g\u0142odnych dzieci, ich edukacj\u0119 oraz wsparcie tamtejszych wsp\u00f3lnot. Ju\u017c dzisiaj dzi\u0119kujemy naszym Fundatorom za bezinteresown\u0105 pomoc w zorganizowaniu tej akcji, a Darczy\u0144com, kt\u00f3rzy do niej do\u0142\u0105cz\u0105 za ofiarno\u015b\u0107 i hojno\u015b\u0107.<\/p>\n<p>Zach\u0119camy do czytania prasy katolickiej.<\/p>\n<p>Dyrekcja Szko\u0142y Podstawowej nr 1 w Tokarni og\u0142asza zapisy uczni\u00f3w do klas pierwszych na rok szkolny 2025\/2026. Zapisy w sekretariacie szko\u0142y w dniach od 3 do 7 marca w godzinach od 8.00 do 15.00.  <\/p>\n<p>Prosimy wszystkich o dar modlitwy, adoracj\u0119 przed Naj\u015bwi\u0119tszym Sakramentem oraz ofiarowanie cierpie\u0144 w intencjach Ojca \u015awi\u0119tego Franciszka, aby Mi\u0142osierny B\u00f3g wzmocni\u0142 go i wspiera\u0142 swoimi \u0142askami. Pro\u015bmy wytrwale i z ufno\u015bci\u0105 o \u0142ask\u0119 zdrowia i pokoju serca dla naszego Ojca \u015awi\u0119tego.<\/p>\n<p>Niebawem podamy termin parafialnej 5. dniowej samolotowej pielgrzymki do Rzymu w ramach trwaj\u0105cych obchod\u00f3w Roku \u015awi\u0119tego. Szczeg\u00f3\u0142y poznamy niebawem.<\/p>\n<p>Solenizantkom, Solenizantom tego tygodnia, Jubilatom sk\u0142adamy najlepsze \u017cyczenia. Wszystkim Go\u015bciom oraz naszym Parafianom \u017cyczymy b\u0142ogos\u0142awionej niedzieli i dobrego rodzinnego \u015bwi\u0119towania.<\/p>\n","protected":false},"excerpt":{"rendered":"<p>Dzi\u0119kujemy mieszka\u0144com 1. cz\u0119\u015bci roli Kostruchy za posprz\u0105tanie \u015bwi\u0105tyni oraz porz\u0105dki wok\u00f3\u0142 niej. O przygotowanie ko\u015bcio\u0142a w tym tygodniu prosimy mieszka\u0144c\u00f3w 2. cz\u0119\u015bci tej roli. Dzisiaj, po zako\u0144czonej sumie, w ramach 40-godzinnego nabo\u017ce\u0144stwa adoracja Pana Jezusa w Naj\u015bwi\u0119tszym Sakramencie O\u0142tarza do godz. 15.30. Znajd\u017amy wi\u0119c w tym wyj\u0105tkowym czasie, jakim jest Rok \u015awi\u0119ty kr\u00f3tk\u0105 chwil\u0119 [&hellip;]<\/p>\n","protected":false},"author":4,"featured_media":0,"comment_status":"closed","ping_status":"closed","sticky":false,"template":"","format":"standard","meta":{"footnotes":""},"categories":[6],"tags":[],"class_list":["post-12055","post","type-post","status-publish","format-standard","hentry","category-ogloszenia"],"_links":{"self":[{"href":"https:\/\/parafiatokarnia.pl\/index.php?rest_route=\/wp\/v2\/posts\/12055","targetHints":{"allow":["GET"]}}],"collection":[{"href":"https:\/\/parafiatokarnia.pl\/index.php?rest_route=\/wp\/v2\/posts"}],"about":[{"href":"https:\/\/parafiatokarnia.pl\/index.php?rest_route=\/wp\/v2\/types\/post"}],"author":[{"embeddable":true,"href":"https:\/\/parafiatokarnia.pl\/index.php?rest_route=\/wp\/v2\/users\/4"}],"replies":[{"embeddable":true,"href":"https:\/\/parafiatokarnia.pl\/index.php?rest_route=%2Fwp%2Fv2%2Fcomments&post=12055"}],"version-history":[{"count":1,"href":"https:\/\/parafiatokarnia.pl\/index.php?rest_route=\/wp\/v2\/posts\/12055\/revisions"}],"predecessor-version":[{"id":12056,"href":"https:\/\/parafiatokarnia.pl\/index.php?rest_route=\/wp\/v2\/posts\/12055\/revisions\/12056"}],"wp:attachment":[{"href":"https:\/\/parafiatokarnia.pl\/index.php?rest_route=%2Fwp%2Fv2%2Fmedia&parent=12055"}],"wp:term":[{"taxonomy":"category","embeddable":true,"href":"https:\/\/parafiatokarnia.pl\/index.php?rest_route=%2Fwp%2Fv2%2Fcategories&post=12055"},{"taxonomy":"post_tag","embeddable":true,"href":"https:\/\/parafiatokarnia.pl\/index.php?rest_route=%2Fwp%2Fv2%2Ftags&post=12055"}],"curies":[{"name":"wp","href":"https:\/\/api.w.org\/{rel}","templated":true}]}}