{"id":12049,"date":"2025-02-24T00:49:12","date_gmt":"2025-02-24T00:49:12","guid":{"rendered":"https:\/\/parafiatokarnia.pl\/?p=12049"},"modified":"2025-02-09T15:49:35","modified_gmt":"2025-02-09T15:49:35","slug":"24-lutego-2024-do-2-marca-2025","status":"publish","type":"post","link":"https:\/\/parafiatokarnia.pl\/?p=12049","title":{"rendered":"24 lutego 2024 do 2 marca 2025"},"content":{"rendered":"<p>Poniedzia\u0142ek 24 lutego 2025<br \/>\n07:00 + J\u00f3zef Tobolak \u2013 od wnuczki Ma\u0142gorzaty z rodzin\u0105<br \/>\n18:00 + Ludwika Bier\u00f3wka \u2013 od syna Wies\u0142awa z rodzin\u0105<\/p>\n<p>Wtorek 25 lutego 2025<br \/>\n07:00 + J\u00f3zef Tobolak \u2013 od wnuka Krzysztofa<br \/>\n18:00 + Ludwika Bier\u00f3wka \u2013 od syna Wies\u0142awa z rodzin\u0105<\/p>\n<p>\u015aroda 26 lutego 2025<br \/>\n07:00 + J\u00f3zef Tobolak \u2013 od wnuka Mateusza z Sabin\u0105<br \/>\n18:00 Za Parafian<\/p>\n<p>Czwartek 27 lutego 2025<br \/>\n07:00 + Ludwika Bier\u00f3wka \u2013 od syna Wies\u0142awa z rodzin\u0105<br \/>\n18:00 + J\u00f3zef Tobolak \u2013 od wnuczki Joanny z rodzin\u0105<\/p>\n<p>Pi\u0105tek 28 lutego 2025<br \/>\n07:00 + J\u00f3zef Tobolak \u2013 od wnuczki Karoliny z rodzin\u0105<br \/>\n18:00 Za Zmar\u0142ych<\/p>\n<p>Sobota 1 marca 2025<br \/>\n07:00 Wynagradzaj\u0105ca za grzechy pope\u0142nione przeciwko NSPJ<br \/>\n18:00 + J\u00f3zef Tobolak \u2013 od wnuka Jakuba<\/p>\n<p>Niedziela 2 marca 2025<br \/>\n07:00 + Stefan Kalicki + J\u00f3zefa, \u017cona<br \/>\n09:00 + Ignacy Hanusiak \u2013 2. rocznica \u015bmierci<br \/>\n11:00 Dzi\u0119kczynna Panu Jezusowi i Matce Bo\u017cej \u015anie\u017cnej za 80. urodziny Zofii i Bronis\u0142awa z pro\u015bb\u0105 o dalsze zdrowie, opiek\u0119 Matki Bo\u017cej i Bo\u017ce b\u0142ogos\u0142awie\u0144stwo, dla Jubilat\u00f3w i ich rodziny<br \/>\n15:30 Za dusze w czy\u015b\u0107cu cierpi\u0105ce<\/p>\n","protected":false},"excerpt":{"rendered":"<p>Poniedzia\u0142ek 24 lutego 2025 07:00 + J\u00f3zef Tobolak \u2013 od wnuczki Ma\u0142gorzaty z rodzin\u0105 18:00 + Ludwika Bier\u00f3wka \u2013 od syna Wies\u0142awa z rodzin\u0105 Wtorek 25 lutego 2025 07:00 + J\u00f3zef Tobolak \u2013 od wnuka Krzysztofa 18:00 + Ludwika Bier\u00f3wka \u2013 od syna Wies\u0142awa z rodzin\u0105 \u015aroda 26 lutego 2025 07:00 + J\u00f3zef Tobolak \u2013 [&hellip;]<\/p>\n","protected":false},"author":4,"featured_media":0,"comment_status":"closed","ping_status":"closed","sticky":false,"template":"","format":"standard","meta":{"footnotes":""},"categories":[22],"tags":[],"class_list":["post-12049","post","type-post","status-publish","format-standard","hentry","category-intencje"],"_links":{"self":[{"href":"https:\/\/parafiatokarnia.pl\/index.php?rest_route=\/wp\/v2\/posts\/12049","targetHints":{"allow":["GET"]}}],"collection":[{"href":"https:\/\/parafiatokarnia.pl\/index.php?rest_route=\/wp\/v2\/posts"}],"about":[{"href":"https:\/\/parafiatokarnia.pl\/index.php?rest_route=\/wp\/v2\/types\/post"}],"author":[{"embeddable":true,"href":"https:\/\/parafiatokarnia.pl\/index.php?rest_route=\/wp\/v2\/users\/4"}],"replies":[{"embeddable":true,"href":"https:\/\/parafiatokarnia.pl\/index.php?rest_route=%2Fwp%2Fv2%2Fcomments&post=12049"}],"version-history":[{"count":1,"href":"https:\/\/parafiatokarnia.pl\/index.php?rest_route=\/wp\/v2\/posts\/12049\/revisions"}],"predecessor-version":[{"id":12050,"href":"https:\/\/parafiatokarnia.pl\/index.php?rest_route=\/wp\/v2\/posts\/12049\/revisions\/12050"}],"wp:attachment":[{"href":"https:\/\/parafiatokarnia.pl\/index.php?rest_route=%2Fwp%2Fv2%2Fmedia&parent=12049"}],"wp:term":[{"taxonomy":"category","embeddable":true,"href":"https:\/\/parafiatokarnia.pl\/index.php?rest_route=%2Fwp%2Fv2%2Fcategories&post=12049"},{"taxonomy":"post_tag","embeddable":true,"href":"https:\/\/parafiatokarnia.pl\/index.php?rest_route=%2Fwp%2Fv2%2Ftags&post=12049"}],"curies":[{"name":"wp","href":"https:\/\/api.w.org\/{rel}","templated":true}]}}