{"id":12045,"date":"2025-02-08T08:31:42","date_gmt":"2025-02-08T08:31:42","guid":{"rendered":"https:\/\/parafiatokarnia.pl\/?p=12045"},"modified":"2025-02-08T09:41:15","modified_gmt":"2025-02-08T09:41:15","slug":"5-niedziela-zwykla-2025","status":"publish","type":"post","link":"https:\/\/parafiatokarnia.pl\/?p=12045","title":{"rendered":"5. NIEDZIELA ZWYK\u0141A 2025"},"content":{"rendered":"<p>Wczoraj odby\u0142 si\u0119 pogrzeb \u015bp. J\u00f3zefy P\u0119cek. Pole\u0107my Zmar\u0142\u0105 siostr\u0119 Bo\u017cemu Mi\u0142osierdziu.<\/p>\n<p>Dzi\u0119kujemy mieszka\u0144com 3. cz\u0119\u015bci roli Dziubras G\u00f3rny za posprz\u0105tanie \u015bwi\u0105tyni oraz porz\u0105dki wok\u00f3\u0142 niej. O przygotowanie ko\u015bcio\u0142a w tym tygodniu prosimy mieszka\u0144c\u00f3w 4. cz\u0119\u015bci tej roli. <\/p>\n<p>W poniedzia\u0142ek wspomnienie \u015bw. Scholastyki, dziewicy. We wtorek, wspomnienie NMP z Lourdes. W pi\u0105tek \u015bwi\u0119to \u015awi\u0119tych Cyryla i Metodego, patron\u00f3w Europy.<\/p>\n<p>W niedziel\u0119 na msz\u0119 \u015bw. o godz. 9.00 zapraszamy dzieci z klas 4, razem z rodzicami Po mszy \u015bw. spotkanie w ko\u015bciele.<\/p>\n<p>Przygotowaniem do Wielkiego Postu jest doroczne 40-godzinne nabo\u017ce\u0144stwo Adoracji Naj\u015bwi\u0119tszego Sakramentu, kt\u00f3re w naszej wsp\u00f3lnocie b\u0119dzie trwa\u0107 przez 3 kolejne niedziele. W przysz\u0142\u0105 niedziel\u0119, po mszy \u015bw. o godz. 11.00 b\u0119dziemy mieli okazj\u0119, aby przyj\u015b\u0107 i adorowa\u0107 do godz. 15.30 Pana Jezusa obecnego w Naj\u015bwi\u0119tszym Sakramencie O\u0142tarza. \u201eW naszych czasach \u2013 jak zauwa\u017ca papie\u017c Franciszek &#8211; zatracili\u015bmy sens adoracji Naj\u015bwi\u0119tszego Sakramentu. Trzeba do tego powr\u00f3ci\u0107 \/&#8230;\/. Adorowa\u0107 to postawi\u0107 Pana Boga w centrum, aby nie koncentrowa\u0107 si\u0119 ju\u017c na sobie, to nada\u0107 sprawom w\u0142a\u015bciwy porz\u0105dek, stawiaj\u0105c Boga na pierwszym miejscu\u201d. Znajd\u017amy wi\u0119c w tym Roku \u015awi\u0119tym kr\u00f3tk\u0105 chwil\u0119 w ci\u0105gu dnia na nasze osobiste spotkanie z Chrystusem. Zapraszamy na adoracj\u0119 tokarskie rodziny, dzieci, m\u0142odzie\u017c, zw\u0142aszcza przygotowuj\u0105c\u0105 si\u0119 do bierzmowania i wszystkie wsp\u00f3lnoty parafialne. Niech Jezus obecny w Naj\u015bwi\u0119tszym Sakramencie przem\u00f3wi do waszych serc. Nasy\u0107my si\u0119 Bogiem tu na ziemi, w oczekiwaniu na nasze ca\u0142kowite spe\u0142nienie w niebie.<\/p>\n<p>Solenizantkom, Solenizantom tego tygodnia, Jubilatom sk\u0142adamy najlepsze \u017cyczenia. Wszystkim Go\u015bciom oraz naszym Parafianom \u017cyczymy b\u0142ogos\u0142awionej niedzieli i dobrego rodzinnego \u015bwi\u0119towania.<\/p>\n","protected":false},"excerpt":{"rendered":"<p>Wczoraj odby\u0142 si\u0119 pogrzeb \u015bp. J\u00f3zefy P\u0119cek. Pole\u0107my Zmar\u0142\u0105 siostr\u0119 Bo\u017cemu Mi\u0142osierdziu. Dzi\u0119kujemy mieszka\u0144com 3. cz\u0119\u015bci roli Dziubras G\u00f3rny za posprz\u0105tanie \u015bwi\u0105tyni oraz porz\u0105dki wok\u00f3\u0142 niej. O przygotowanie ko\u015bcio\u0142a w tym tygodniu prosimy mieszka\u0144c\u00f3w 4. cz\u0119\u015bci tej roli. W poniedzia\u0142ek wspomnienie \u015bw. Scholastyki, dziewicy. We wtorek, wspomnienie NMP z Lourdes. W pi\u0105tek \u015bwi\u0119to \u015awi\u0119tych Cyryla [&hellip;]<\/p>\n","protected":false},"author":4,"featured_media":0,"comment_status":"closed","ping_status":"closed","sticky":false,"template":"","format":"standard","meta":{"footnotes":""},"categories":[6],"tags":[],"class_list":["post-12045","post","type-post","status-publish","format-standard","hentry","category-ogloszenia"],"_links":{"self":[{"href":"https:\/\/parafiatokarnia.pl\/index.php?rest_route=\/wp\/v2\/posts\/12045","targetHints":{"allow":["GET"]}}],"collection":[{"href":"https:\/\/parafiatokarnia.pl\/index.php?rest_route=\/wp\/v2\/posts"}],"about":[{"href":"https:\/\/parafiatokarnia.pl\/index.php?rest_route=\/wp\/v2\/types\/post"}],"author":[{"embeddable":true,"href":"https:\/\/parafiatokarnia.pl\/index.php?rest_route=\/wp\/v2\/users\/4"}],"replies":[{"embeddable":true,"href":"https:\/\/parafiatokarnia.pl\/index.php?rest_route=%2Fwp%2Fv2%2Fcomments&post=12045"}],"version-history":[{"count":1,"href":"https:\/\/parafiatokarnia.pl\/index.php?rest_route=\/wp\/v2\/posts\/12045\/revisions"}],"predecessor-version":[{"id":12046,"href":"https:\/\/parafiatokarnia.pl\/index.php?rest_route=\/wp\/v2\/posts\/12045\/revisions\/12046"}],"wp:attachment":[{"href":"https:\/\/parafiatokarnia.pl\/index.php?rest_route=%2Fwp%2Fv2%2Fmedia&parent=12045"}],"wp:term":[{"taxonomy":"category","embeddable":true,"href":"https:\/\/parafiatokarnia.pl\/index.php?rest_route=%2Fwp%2Fv2%2Fcategories&post=12045"},{"taxonomy":"post_tag","embeddable":true,"href":"https:\/\/parafiatokarnia.pl\/index.php?rest_route=%2Fwp%2Fv2%2Ftags&post=12045"}],"curies":[{"name":"wp","href":"https:\/\/api.w.org\/{rel}","templated":true}]}}