{"id":12027,"date":"2025-01-18T09:03:14","date_gmt":"2025-01-18T09:03:14","guid":{"rendered":"https:\/\/parafiatokarnia.pl\/?p=12027"},"modified":"2025-01-18T14:41:06","modified_gmt":"2025-01-18T14:41:06","slug":"2-niedziela-zwykla-2025","status":"publish","type":"post","link":"https:\/\/parafiatokarnia.pl\/?p=12027","title":{"rendered":"2. NIEDZIELA ZWYK\u0141A 2025"},"content":{"rendered":"<p>W ubieg\u0142ym tygodniu odby\u0142 si\u0119 pogrzeb \u015bp. Stanis\u0142awa Strzelca. Pole\u0107my naszego Zmar\u0142ego Brata Bo\u017cemu Mi\u0142osierdziu. <\/p>\n<p>Dzi\u0119kujemy mieszka\u0144com 6. cz\u0119\u015bci roli Knapy za posprz\u0105tanie \u015bwi\u0105tyni, porz\u0105dki wok\u00f3\u0142 niej, za z\u0142o\u017con\u0105 ofiar\u0119 na ko\u015bci\u00f3\u0142 i zam\u00f3wione msze \u015bw. &#8211; w \u015brod\u0119 o b\u0142ogos\u0142awie\u0144stwo Bo\u017ce w rodzinach, a w pi\u0105tek za zmar\u0142ych. O przygotowanie ko\u015bcio\u0142a w tym tygodniu prosimy mieszka\u0144c\u00f3w roli Dziubras G\u00f3rny, kt\u00f3r\u0105 podzielili\u015bmy na 4. cz\u0119\u015bci.<\/p>\n<p>Dzisiaj, z racji 3. niedzieli miesi\u0105ca sk\u0142adka inwestycyjna przeznaczona na utrzymanie naszego ko\u015bcio\u0142a. Przy tej okazji pragniemy podzi\u0119kowa\u0107 za sta\u0142\u0105 trosk\u0119 o pi\u0119kno naszej \u015bwi\u0105tyni. <\/p>\n<p>Ofiar\u0119 na ko\u015bci\u00f3\u0142 z\u0142o\u017cy\u0142 Maciej Wyrobek.<\/p>\n<p>W sobot\u0119 zapraszamy na Nabo\u017ce\u0144stwo Uwielbienia. Pocz\u0105tek adoracji o godzinie 19.30. W programie: wielbienie Pan \u015bpiewem, modlitwa tekstami biblijnymi, indywidualne b\u0142ogos\u0142awie\u0144stwo Naj\u015bwi\u0119tszym Sakramentem. Zako\u0144czenie o 21.00 apelem Jasnog\u00f3rskim.<\/p>\n<p>Trwa w naszej parafialnej wsp\u00f3lnocie wizyta duszpasterska. <\/p>\n<p>Plan wizyty duszpasterskiej na nast\u0119pny tydzie\u0144:<br \/>\nPoniedzia\u0142ek, 20.01.25 &#8211; Zagrody, Dziubras Dolny<br \/>\nWtorek, 21.01.25 &#8211; Dzio\u0142ek, J\u0105tyki, Per\u0142y, Pawlaki, Domy nad Kacprem<br \/>\n\u015aroda, 22.01.15 &#8211; Chlebierz\u00f3wka, Molusy, Guz\u00f3wka, Koty, U Lipki<br \/>\nCzwartek, 23.01.25 &#8211; Urbany<br \/>\nPi\u0105tek, 24.01.25 &#8211; Hoboty (od Pa\u0144stwa Bier\u00f3wka), Gwi\u017cd\u017ce, Brzegi (od Pa\u0144stwa Ryszkowskich)<\/p>\n<p>Dzi\u0119kujemy za \u017cyczliwe przyj\u0119cie w Waszych domach i za wsp\u00f3ln\u0105 modlitw\u0119.<\/p>\n<p>Muzeum Archidiecezjalnym w Krakowie zaprasza na wystaw\u0119 czasow\u0105 \u201ePrawda i wolno\u015b\u0107. Ksi\u0105dz Jerzy Popie\u0142uszko\u201d. Okazj\u0105 do jej zorganizowania jest 40. rocznica m\u0119cze\u0144skiej \u015bmierci b\u0142ogos\u0142awionego ksi\u0119dza Jerzego Popie\u0142uszki, zamordowanego w pa\u017adzierniku 1984 r. Wystawa zosta\u0142a zaaran\u017cowana w Krakowie i b\u0119dzie mo\u017cna j\u0105 ogl\u0105da\u0107 do 16 marca 2025 r.<\/p>\n<p>Solenizantkom, Solenizantom tego tygodnia, Jubilatom sk\u0142adamy najlepsze \u017cyczenia. Wszystkim Go\u015bciom oraz naszym Parafianom \u017cyczymy b\u0142ogos\u0142awionej niedzieli i dobrego rodzinnego \u015bwi\u0119towania.<\/p>\n<p>Ofiar\u0119 na planowane inwestycje oraz utrzymanie naszej parafii przy okazji wizyty duszpasterskiej w ubieg\u0142ym tygodniu z\u0142o\u017cyli:<\/p>\n<p>Z roli Jurczaki: Adam P\u0119cek z rodzin\u0105, rodzina Le\u015bniak, rodzina Sochacz, Marek P\u0119cek z rodzin\u0105, Stanis\u0142aw Jurczak, Katarzyna Korze\u0144 z rodzin\u0105, Antonina i Henryk Mirek, Halina Jurczak, rodzina Brutanek, Bart\u0142omiej Derewecki z rodzin\u0105.<br \/>\nZ roli Debenosy: Andrzej Pasieka z rodzin\u0105, Adam Kosek z rodzin\u0105, Maria Korabik, J\u00f3zef Bier\u00f3wka z rodzin\u0105, Maria i J\u00f3zef Korabik, Maria i Franciszek J\u0119drocha, Wojciech J\u0119drocha z rodzin\u0105, Piotr Makusek z rodzin\u0105, Danuta Pachura z rodzin\u0105, J\u00f3zef Cudak z rodzin\u0105, Tadeusz Kluska z rodzin\u0105, Franciszek Bier\u00f3wka.<br \/>\nZ roli Kanie: Franciszek Kania, Anna i J\u00f3zef Kania, Salomea Kania, Maria i Stanis\u0142aw Kania.<\/p>\n<p>Z roli Dziury: rodzina Pieron.<br \/>\nZ roli Kocury: Anna Hanusiak, rodzina Jabco\u0144, Antonina \u015aliz, rodzina Ko\u0142odziej, rodzina Sroczy\u0144skich, Agata Korze\u0144.<br \/>\nZ roli Proszki i Fu\u0142y: J\u00f3zefa Miko\u0142ajczyk, J\u00f3zef Pieron z rodzin\u0105, rodzina Majchrzak, rodzina Wr\u00f3bel, Maria Piaszczak, J\u00f3zef Pasiowiec z rodzin\u0105, J\u00f3zef Kie\u0142tyka z rodzin\u0105, Katarzyna i J\u00f3zef Kie\u0142tyka z rodzin\u0105, Stanis\u0142aw Proszek, rodzina Kie\u0142tyka i G\u0142uszek, Andrzej Kaspruk z rodzin\u0105, Roman P\u0119cek z rodzin\u0105, rodzina Le\u015bniak, Marian Le\u015bniak z rodzin\u0105, Wies\u0142aw Durek z rodzin\u0105, Maria Zadora z rodzin\u0105, Jan Zadora z rodzin\u0105, Tadeusz Le\u015bniak z rodzin\u0105, Anna i Marek Le\u015bniak, Dominik Le\u015bniak z rodzin\u0105, rodzina Motyka.  <\/p>\n<p>Z roli G\u0119bki: rodzina Majerk\u00f3w, Zaj\u0105c\u00f3w, Polaniak\u00f3w, Skoczy\u0144skich, Nawie\u015bniak\u00f3w i Wyrobk\u00f3w, Sabina Gawlak, Tadeusz Go\u015bciej i rodzina Bylic\u00f3w, rodzina Zi\u0119b\u00f3w, Go\u015bciej\u00f3w, Katarzyna i Roman Barglikowie, Anna Kuca\u0142a, rodzina Filipk\u00f3w, Nawar\u00f3w, Grudzi\u0144skich, Bednarz\u00f3w i W\u0142odarczyk\u00f3w, Ga\u0142k\u00f3w, Karina i Karol Rozumowie, rodzina Majd\u00f3w, Hanusiak\u00f3w, W\u0142adys\u0142aw i Maria Barglikowie, rodzina Kuca\u0142\u00f3w, Barbara Barglik z rodzin\u0105, rodzina Bier\u00f3wk\u00f3w, Genowefa Bier\u00f3wka i trzy rodziny anonimowo.<\/p>\n<p>Z roli Bugaje: Dawid Sikora z rodzin\u0105, Krzysztof Durek z rodzin\u0105, Anna i Tadeusz Durek, Ewa i Tadeusz Durek z rodzin\u0105, rodzina Mizera.<br \/>\nZ roli Kie\u0142tyki: Krzysztof Zadora z rodzin\u0105, rodzina Wojtasik, Kazimiera Kania, Grzegorz Sajbor z rodzin\u0105, rodzina Kie\u0142tyka, Mieczys\u0142aw Proszek z rodzin\u0105, Piotr Bargiel z rodzin\u0105, Jacek T\u0142ustowski z rodzin\u0105, Jan Jamrozik z rodzin\u0105, Stanis\u0142aw Filipek z rodzin\u0105.<br \/>\nZ roli Durki: Bart\u0142omiej Tajs z rodzin\u0105, Franciszek Hanusiak z rodzin\u0105, Janina i Agnieszka Kowalik, Jacek Kowalik z rodzin\u0105, Mateusz Wojtasik z rodzin\u0105, rodzina Pary\u0142a, Tomasz Pandyra z rodzin\u0105, Jacek Polaniak z rodzin\u0105, rodzina Zadora, rodzina Dr\u0105\u017cyk i Wr\u00f3bel, Adam Tajs z rodzin\u0105, Maria i Stanis\u0142aw Romaniak, Rafa\u0142 Zi\u0119ba z rodzin\u0105, rodzina Proszek, rodzina Maj i Ulmaniec, Janina Polaniak, Aleksandra i Przemys\u0142aw Kmiecik, rodzina Szymoniak, rodzina Dr\u0105\u017cyk.  <\/p>\n<p>Z roli Florki: Teresa i Ryszard Hans z rodzin\u0105, rodzina Cudak, Zofia Hanusiak, Anna i Walenty Hanusiak z rodzin\u0105, Piotr i Anna Hanusiak, Janina Jamka.<br \/>\nZ roli Barnasi\u00f3wka: rodzina Proszkowiec.<\/p>\n<p>Z roli Za G\u00f3r\u0105: Boles\u0142aw Filipek.<br \/>\nZ roli Morgi: Danuta i Tadeusz Pustelnik, Grzegorz Pustelnik z rodzin\u0105, rodzina Omylak i Pustelnik, Andrzej Wn\u0119k z rodzin\u0105, Tadeusz Zadora z rodzin\u0105, Zbigniew Wojtasik z rodzin\u0105.<br \/>\nZ roli Luberdy: J\u00f3zef Luberda z rodzin\u0105, Anna i Franciszek Luberda, Janusz Luberda z rodzin\u0105, Bernadetta i Boles\u0142aw Luberda, Marzena i Wojciech Hobot, Grzegorz Luberda z rodzin\u0105, Krystyna i Jan Luberda, Bronis\u0142aw Luberda z rodzin\u0105.<br \/>\nZ roli Pod Lasem: rodzina Makusek, Anna i Franciszek Proszek, Dagmara i Tomasz Wn\u0119k z rodzin\u0105.<br \/>\nZ roli Przysop: Katarzyna i S\u0142awomir Proszek z rodzin\u0105, Wanda Tajs, Zbigniew Morus z rodzin\u0105, El\u017cbieta i Jan Morus, Aneta i Rafa\u0142 Morus z rodzin\u0105.<br \/>\nZ roli Dzia\u0142 Wy\u017cny: J\u00f3zef Zadora z rodzin\u0105, rodzina Pustelnik, rodzina Ko\u0142odziejczyk, rodzina Niedo\u015bpia\u0142, Leszek Zi\u0119bla z rodzin\u0105, Franciszek Tobolak z rodzin\u0105, Adrian P\u0142oszczyca z rodzin\u0105, Jan Maciejowski z rodzin\u0105, \u0141ukasz Maciejowski z rodzin\u0105, Pawe\u0142 Buda z rodzin\u0105, Piotr Bednarz z rodzin\u0105.<\/p>\n<p>Z roli Blychy: rodzina Pasiowc\u00f3w, Dereweckich i Kowalcze, Kotlarczyk\u00f3w, Makusk\u00f3w, Gwi\u017cd\u017c\u00f3w, Krzysztof Hanusiak z rodzin\u0105, Piotr Hanusiak z rodzin\u0105, Pawe\u0142 Hanusiak z rodzin\u0105 i jedna rodzina anonimowo.<br \/>\nZ Osiedla Dolnego: Marek Kowalik z rodzin\u0105 i Janusz Kowalik z rodzin\u0105.<br \/>\nZ Domu Nauczyciela: rodzina Luberd\u00f3w, Mizer\u00f3w, Krup\u00f3w, Antoni Jankowski, Jolanta Kie\u0142tyka z rodzin\u0105, rodzina Jarz\u0105bk\u00f3w i Ostoj\u00f3w.<br \/>\nApteka: rodzina Czyszczoni\u00f3w. Szko\u0142a: Bo\u017cena Smolak i Krystyna Romaniak.<\/p>\n","protected":false},"excerpt":{"rendered":"<p>W ubieg\u0142ym tygodniu odby\u0142 si\u0119 pogrzeb \u015bp. Stanis\u0142awa Strzelca. Pole\u0107my naszego Zmar\u0142ego Brata Bo\u017cemu Mi\u0142osierdziu. Dzi\u0119kujemy mieszka\u0144com 6. cz\u0119\u015bci roli Knapy za posprz\u0105tanie \u015bwi\u0105tyni, porz\u0105dki wok\u00f3\u0142 niej, za z\u0142o\u017con\u0105 ofiar\u0119 na ko\u015bci\u00f3\u0142 i zam\u00f3wione msze \u015bw. &#8211; w \u015brod\u0119 o b\u0142ogos\u0142awie\u0144stwo Bo\u017ce w rodzinach, a w pi\u0105tek za zmar\u0142ych. O przygotowanie ko\u015bcio\u0142a w tym tygodniu [&hellip;]<\/p>\n","protected":false},"author":4,"featured_media":0,"comment_status":"closed","ping_status":"closed","sticky":false,"template":"","format":"standard","meta":{"footnotes":""},"categories":[6],"tags":[],"class_list":["post-12027","post","type-post","status-publish","format-standard","hentry","category-ogloszenia"],"_links":{"self":[{"href":"https:\/\/parafiatokarnia.pl\/index.php?rest_route=\/wp\/v2\/posts\/12027","targetHints":{"allow":["GET"]}}],"collection":[{"href":"https:\/\/parafiatokarnia.pl\/index.php?rest_route=\/wp\/v2\/posts"}],"about":[{"href":"https:\/\/parafiatokarnia.pl\/index.php?rest_route=\/wp\/v2\/types\/post"}],"author":[{"embeddable":true,"href":"https:\/\/parafiatokarnia.pl\/index.php?rest_route=\/wp\/v2\/users\/4"}],"replies":[{"embeddable":true,"href":"https:\/\/parafiatokarnia.pl\/index.php?rest_route=%2Fwp%2Fv2%2Fcomments&post=12027"}],"version-history":[{"count":3,"href":"https:\/\/parafiatokarnia.pl\/index.php?rest_route=\/wp\/v2\/posts\/12027\/revisions"}],"predecessor-version":[{"id":12031,"href":"https:\/\/parafiatokarnia.pl\/index.php?rest_route=\/wp\/v2\/posts\/12027\/revisions\/12031"}],"wp:attachment":[{"href":"https:\/\/parafiatokarnia.pl\/index.php?rest_route=%2Fwp%2Fv2%2Fmedia&parent=12027"}],"wp:term":[{"taxonomy":"category","embeddable":true,"href":"https:\/\/parafiatokarnia.pl\/index.php?rest_route=%2Fwp%2Fv2%2Fcategories&post=12027"},{"taxonomy":"post_tag","embeddable":true,"href":"https:\/\/parafiatokarnia.pl\/index.php?rest_route=%2Fwp%2Fv2%2Ftags&post=12027"}],"curies":[{"name":"wp","href":"https:\/\/api.w.org\/{rel}","templated":true}]}}