{"id":12007,"date":"2025-01-11T10:55:56","date_gmt":"2025-01-11T10:55:56","guid":{"rendered":"https:\/\/parafiatokarnia.pl\/?p=12007"},"modified":"2025-01-18T09:33:11","modified_gmt":"2025-01-18T09:33:11","slug":"niedziela-chrztu-panskiego-2025","status":"publish","type":"post","link":"https:\/\/parafiatokarnia.pl\/?p=12007","title":{"rendered":"NIEDZIELA CHRZTU PA\u0143SKIEGO 2025"},"content":{"rendered":"<p>W ubieg\u0142ym tygodniu odby\u0142 si\u0119 pogrzeb \u015bp. Tadeusza Romaniaka. Pole\u0107my naszego Zmar\u0142ego Brata Bo\u017cemu Mi\u0142osierdziu. <\/p>\n<p>Dzisiejsza niedziela Chrztu Pa\u0144skiego, ko\u0144czy okres Bo\u017cego Narodzenia.<\/p>\n<p>Dzi\u0119kujemy mieszka\u0144com 5. cz\u0119\u015bci roli Knapy za posprz\u0105tanie \u015bwi\u0105tyni, porz\u0105dki wok\u00f3\u0142 niej i za z\u0142o\u017con\u0105 ofiar\u0119 na ko\u015bci\u00f3\u0142. O przygotowanie ko\u015bcio\u0142a w tym tygodniu prosimy mieszka\u0144c\u00f3w ostatniej, 6. cz\u0119\u015bci tej roli.<\/p>\n<p>W pi\u0105tek, wspomnienie \u015bw. Antoniego, opata.<\/p>\n<p>Za tydzie\u0144, z racji 3. niedzieli miesi\u0105ca sk\u0142adka inwestycyjna przeznaczona na utrzymanie naszego ko\u015bcio\u0142a. Przy tej okazji pragniemy podzi\u0119kowa\u0107 za sta\u0142\u0105 trosk\u0119 o pi\u0119kno naszej \u015bwi\u0105tyni. Dzi\u0119ki Waszej ofiarno\u015bci w ko\u015bciele jest ciep\u0142o, przytulnie i czysto.<\/p>\n<p>Go\u015bcimy dzisiaj przedstawiciela trzeciego zakonu paulist\u00f3w, kt\u00f3ry zaproponuje nam Ewangelie na ka\u017cdy dzie\u0144 2025 r. Mo\u017cna je b\u0119dzie naby\u0107 po ka\u017cdej mszy \u015bwi\u0119tej. Mamy nadziej\u0119, \u017ce ta akcja przyczyni si\u0119 do cz\u0119stszego si\u0119gania po Ewangeli\u0119 i \u017cycia S\u0142owem Bo\u017cym na co dzie\u0144.<\/p>\n<p>Plan wizyty duszpasterskiej:<\/p>\n<p>Poniedzia\u0142ek, 13.01.25 &#8211; Jurczaki, Debenosy, Kanie<br \/>\nWtorek, 14.01.25 &#8211; Dziury, Kocury, Proszki, Fu\u0142y<br \/>\n\u015aroda, 15.01.25 &#8211; G\u0119bki<br \/>\nCzwartek, 16.01.25 &#8211; Bugaje, Kie\u0142tyki, Durki<br \/>\nPi\u0105tek, 17.01.25 &#8211; Florki, Barnasi\u00f3wka, Za G\u00f3r\u0105, Morgi, Luberdy, \u0141ocki, Domy pod Lasem, Przysop, Dzia\u0142 Wy\u017cny<br \/>\nSobota, 18.01.25 &#8211; Blychy, Osiedle Dolne (od Pa\u0144stwa Kowalik\u00f3w), Dom Nauczyciela, O\u015brodek Zdrowia, Apteka, Szko\u0142a<\/p>\n<p>Poniedzia\u0142ek, 20.01.25 &#8211; Zagrody, Dziubras Dolny<br \/>\nWtorek, 21.01.25 &#8211; Dzio\u0142ek, J\u0105tyki, Per\u0142y, Pawlaki, Domy nad Kacprem<br \/>\n\u015aroda, 22.01.15 &#8211; Chlebierz\u00f3wka, Molusy, Guz\u00f3wka, Koty, U Lipki<br \/>\nCzwartek, 23.01.25 &#8211; Urbany<br \/>\nPi\u0105tek, 24.01.25 &#8211; Hoboty (od Pa\u0144stwa Bier\u00f3wka), Gwi\u017cd\u017ce, Brzegi (od Pa\u0144stwa Ryszkowskich)<\/p>\n<p>Dzi\u0119kujemy za \u017cyczliwe przyj\u0119cie w Waszych domach i za wsp\u00f3ln\u0105 modlitw\u0119. Wyra\u017camy wdzi\u0119czno\u015b\u0107 zar\u00f3wno za ofiary sk\u0142adane na potrzeby naszej \u015bwi\u0105tyni, kt\u00f3re w ca\u0142o\u015bci przeznaczymy na doko\u0144czenie planowanych inwestycji oraz utrzymanie ko\u015bcio\u0142a. Natomiast ofiarami sk\u0142adami potocznie m\u00f3wi\u0105c \u201edla ksi\u0119dza\u201d wspieramy: misje, Dom Ksi\u0119\u017cy Chorych w Krakowie-Swoszowicach, Dom Emeryt\u00f3w w Makowie Podhala\u0144skim, jak r\u00f3wnie\u017c przekazujemy na utrzymanie Kurii Metropolitalnej w Krakowie.<\/p>\n<p>Nazwiska ofiarodawc\u00f3w, kt\u00f3rzy z\u0142o\u017cyli ofiary na utrzymanie naszej parafii przy okazji wizyty duszpasterskiej:<\/p>\n<p>Z roli Osiedle G\u00f3rne: Tadeusz Funek z rodzin\u0105, Artur J\u0105tyka z rodzin\u0105, Michalina i Stanis\u0142aw Funek, Zdzis\u0142aw J\u0105tyka z rodzin\u0105, Marian Surlas z rodzin\u0105, Ewelina i Mariusz J\u0119drocha, Dariusz Hanusiak z rodzin\u0105, W\u0142adys\u0142aw Rado\u0144, rodzina Cudak, rodzina Fiedor i Proszek, Krystyna S\u0142onina, rodzina \u017b\u0105d\u0142o, J\u00f3zef Mizera z rodzin\u0105, Sylwester Jamrozik z rodzin\u0105, rodzina Mirek, rodzina Dragosz, Jadwiga Zdu\u0144, rodzina Str\u0119k, rodzina Flaga, rodzina Ralskich, Leon Rado\u0144 z rodzin\u0105, Maria Hobot, Marcin Rado\u0144 z rodzin\u0105, Zygmunt Grubarek z rodzin\u0105, rodzina Jaroszewskich, Grzegorz Hanusiak z rodzin\u0105, Rafa\u0142 P\u0119cek z rodzin\u0105, Stanis\u0142aw Grubarek z rodzin\u0105, Wies\u0142aw Jochymik z rodzin\u0105, Krzysztof Jochymik z rodzin\u0105, rodzina Le\u015bniak, Maciej Nawara z rodzin\u0105, rodzina Proszek, Andrzej Proszek z rodzin\u0105, rodzina Cudak.<\/p>\n<p>z roli Kostruchy: Kinga i Grzegorz Polaniak, Ewa i Jan Lenartek, Emilia i Marek Lenartek, rodzina Wn\u0119k, rodzina Lenartk\u00f3w, Tadeusz Kluska, rodzina Makusk\u00f3w, Kosk\u00f3w, \u015al\u0119czk\u00f3w, P\u0119ck\u00f3w, Janina i Czes\u0142aw Kania, Renata i J\u00f3zef Kania, Halina P\u0119cek z rodzin\u0105, Tadeusz S\u0142onina z rodzin\u0105, Bogdan i Helena Wn\u0119k, Emilia i Marek Lenartek, Ewa i Jan Lenartek, rodzina Lenartk\u00f3w, rodzina P\u0119ck\u00f3w i jedna rodzina anonimowo.<\/p>\n<p>Z roli Bier\u00f3wki: Krzysztof Z\u0119bol z rodzin\u0105, Krzysztof Surlas z rodzin\u0105, Stanis\u0142aw Zembol z rodzin\u0105, Franciszek Bier\u00f3wka, Adam Bier\u00f3wka z rodzin\u0105, Rafa\u0142 Bier\u00f3wka z rodzin\u0105, Mateusz S\u0142onina z rodzin\u0105, Zofia S\u0142onina, Grzegorz Zembol z rodzin\u0105, J\u00f3zef S\u0142onina z rodzin\u0105, Dariusz Romaniak z rodzin\u0105, rodzina \u0141opata i Romaniak, rodzina Kubowicz i Romaniak, Weronika Bier\u00f3wka, Zofia Korabik, Edward Romaniak z rodzin\u0105, Anna Hobot z rodzin\u0105, Janusz Zi\u0119bla z rodzin\u0105, Piotr Szczepaniak z rodzin\u0105, Jan Szczepaniak z rodzin\u0105, Andrzej Bier\u00f3wka z rodzin\u0105, Jadwiga S\u0142onina, \u0141ukasz Mirek z rodzin\u0105, Martyna Romaniak, Rafa\u0142 Romaniak z rodzin\u0105.<\/p>\n<p>Z roli Bryle: Czes\u0142aw Kobia\u0142ka z rodzin\u0105, Tomasz Stefanik z rodzin\u0105, Stanis\u0142aw Spyrka z rodzin\u0105, Edward Ost\u00f3j z rodzin\u0105, Roman Romaniak z rodzin\u0105, Stanis\u0142aw Jochymik z rodzin\u0105, Edward Bier\u00f3wka z rodzin\u0105, Andrzej Proszek z rodzin\u0105, Roman Borowy z rodzin\u0105.  <\/p>\n<p>Z roli Dziubras G\u00f3rny: Leszek J\u0119drocha z rodzin\u0105, Stanis\u0142aw Hobot z rodzin\u0105, Katarzyna Hobot z dzie\u0107mi, Kazimierz Wr\u00f3bel z rodzin\u0105, Janusz Dziubras z rodzin\u0105, J\u00f3zef Kie\u0142tyka z rodzin\u0105, Piotr Kie\u0142tyka z rodzin\u0105, Wies\u0142aw Kosek z rodzin\u0105, Andrzej Wicher z rodzin\u0105, rodzina Ko\u0142odziej i P\u0119cek, rodzina Wr\u00f3bel, Mieczys\u0142aw Kie\u0142tyka z rodzin\u0105, Piotr Hobot z rodzin\u0105, Miros\u0142aw Molus z rodzin\u0105, Szymon Molus z rodzin\u0105, J\u00f3zef Wr\u00f3bel z rodzin\u0105, Krzysztof Hanusiak z rodzin\u0105, Andrzej P\u0119cek z rodzin\u0105, Adam Polaniak z rodzin\u0105, Marcin Klaja z rodzin\u0105, Zbigniew Klimas z rodzin\u0105, Piotr W\u00f3jtowicz z rodzin\u0105, Jan Kie\u0142tyka z rodzin\u0105, J\u00f3zef P\u0119cek z rodzin\u0105, rodzina Polaniak, Kinga i Grzegorz Polaniak, Maria Kie\u0142tyka, Ludwik i Katarzyna Tryba\u0142a, Krzysztof Tryba\u0142a z rodzin\u0105, Franciszek Korabik.<\/p>\n<p>Z roli Wierdonki: rodzina Kami\u0144skich, Dyrcz\u00f3w, Brzezickich, Halk\u00f3w, Makuch\u00f3w, Korabik\u00f3w, P\u0119ck\u00f3w, Maria Wr\u00f3bel,  J\u00f3zef Wr\u00f3bel z rodzin\u0105, rodzina Le\u015bniak\u00f3w i Piaszczak\u00f3w, Klusk\u00f3w, Proszk\u00f3w, Muniak\u00f3w, \u0141opat\u00f3w i Zemboli, Gierat\u00f3w i Wo\u017anych, rodzina S\u0142onin\u00f3w, Barglik\u00f3w, Janina Hobot, Pawe\u0142 Kowalcze, rodzina Mrozi\u0144skich, Ludwik Hobot, rodzina Mizer\u00f3w i Ko\u0142odziej\u00f3w, Pawe\u0142 Spytkowski z rodzin\u0105, Kie\u0142tyk\u00f3w, Justyna Kowalcze z rodzin\u0105 i trzy rodziny anonimowo.<\/p>\n<p>Solenizantkom, Solenizantom tego tygodnia, Jubilatom sk\u0142adamy najlepsze \u017cyczenia. Wszystkim Go\u015bciom oraz naszym Parafianom \u017cyczymy b\u0142ogos\u0142awionej niedzieli i dobrego rodzinnego \u015bwi\u0119towania.<\/p>\n","protected":false},"excerpt":{"rendered":"<p>W ubieg\u0142ym tygodniu odby\u0142 si\u0119 pogrzeb \u015bp. Tadeusza Romaniaka. Pole\u0107my naszego Zmar\u0142ego Brata Bo\u017cemu Mi\u0142osierdziu. Dzisiejsza niedziela Chrztu Pa\u0144skiego, ko\u0144czy okres Bo\u017cego Narodzenia. Dzi\u0119kujemy mieszka\u0144com 5. cz\u0119\u015bci roli Knapy za posprz\u0105tanie \u015bwi\u0105tyni, porz\u0105dki wok\u00f3\u0142 niej i za z\u0142o\u017con\u0105 ofiar\u0119 na ko\u015bci\u00f3\u0142. O przygotowanie ko\u015bcio\u0142a w tym tygodniu prosimy mieszka\u0144c\u00f3w ostatniej, 6. cz\u0119\u015bci tej roli. W [&hellip;]<\/p>\n","protected":false},"author":4,"featured_media":0,"comment_status":"closed","ping_status":"closed","sticky":false,"template":"","format":"standard","meta":{"footnotes":""},"categories":[6],"tags":[],"class_list":["post-12007","post","type-post","status-publish","format-standard","hentry","category-ogloszenia"],"_links":{"self":[{"href":"https:\/\/parafiatokarnia.pl\/index.php?rest_route=\/wp\/v2\/posts\/12007","targetHints":{"allow":["GET"]}}],"collection":[{"href":"https:\/\/parafiatokarnia.pl\/index.php?rest_route=\/wp\/v2\/posts"}],"about":[{"href":"https:\/\/parafiatokarnia.pl\/index.php?rest_route=\/wp\/v2\/types\/post"}],"author":[{"embeddable":true,"href":"https:\/\/parafiatokarnia.pl\/index.php?rest_route=\/wp\/v2\/users\/4"}],"replies":[{"embeddable":true,"href":"https:\/\/parafiatokarnia.pl\/index.php?rest_route=%2Fwp%2Fv2%2Fcomments&post=12007"}],"version-history":[{"count":10,"href":"https:\/\/parafiatokarnia.pl\/index.php?rest_route=\/wp\/v2\/posts\/12007\/revisions"}],"predecessor-version":[{"id":12029,"href":"https:\/\/parafiatokarnia.pl\/index.php?rest_route=\/wp\/v2\/posts\/12007\/revisions\/12029"}],"wp:attachment":[{"href":"https:\/\/parafiatokarnia.pl\/index.php?rest_route=%2Fwp%2Fv2%2Fmedia&parent=12007"}],"wp:term":[{"taxonomy":"category","embeddable":true,"href":"https:\/\/parafiatokarnia.pl\/index.php?rest_route=%2Fwp%2Fv2%2Fcategories&post=12007"},{"taxonomy":"post_tag","embeddable":true,"href":"https:\/\/parafiatokarnia.pl\/index.php?rest_route=%2Fwp%2Fv2%2Ftags&post=12007"}],"curies":[{"name":"wp","href":"https:\/\/api.w.org\/{rel}","templated":true}]}}