{"id":11761,"date":"2024-09-19T17:19:25","date_gmt":"2024-09-19T17:19:25","guid":{"rendered":"https:\/\/parafiatokarnia.pl\/?p=11761"},"modified":"2024-09-20T17:03:32","modified_gmt":"2024-09-20T17:03:32","slug":"25-niedziela-zwykla-2024","status":"publish","type":"post","link":"https:\/\/parafiatokarnia.pl\/?p=11761","title":{"rendered":"25. NIEDZIELA ZWYK\u0141A 2024"},"content":{"rendered":"<p>Dzi\u0119kujemy mieszka\u0144com 4. cz\u0119\u015bci roli Osiedla G\u00f3rnego za posprz\u0105tanie \u015bwi\u0105tyni, za porz\u0105dki wok\u00f3\u0142 niej i za z\u0142o\u017con\u0105 ofiar\u0119 na ko\u015bci\u00f3\u0142. O przygotowanie ko\u015bcio\u0142a w tym tygodniu prosimy mieszka\u0144c\u00f3w r\u00f3l: Dzio\u0142ek, J\u0105tyki, Nad Kacprem. <\/p>\n<p>Dzisiaj w archidiecezji krakowskiej prze\u017cywamy Dzie\u0144 Modlitw za M\u0142odzie\u017c. Zaplanowana       na dzisiejszy dzie\u0144 zbi\u00f3rka na rzecz Duszpasterstwa M\u0142odzie\u017cy odb\u0119dzie si\u0119 w inny terminie. <\/p>\n<p>W zwi\u0105zku z tragedi\u0105, jaka wydarzy\u0142a si\u0119 w po\u0142udniowych rejonach naszej Ojczyzny, nasz Metropolita wystosowa\u0142 do nas s\u0142owo.<\/p>\n<p>Po ka\u017cdej mszy \u015bw. zbi\u00f3rka do puszek na pomoc dla powodzian. Gdyby kto\u015b jednak nie by\u0142         w dniu dzisiejszym przygotowany, aby wesprze\u0107 ten szczytny cel, b\u0119dzie mo\u017cna uczyni\u0107 to tak\u017ce za tydzie\u0144. <\/p>\n<p>Jutro wspomnienie \u015bw. o. Pio z Pietrelciny, prezbitera. We wtorek na godzin\u0119 16.30 zapraszamy ch\u0142opc\u00f3w z klasy trzeciej i starszych, kt\u00f3rzy chcieliby jako kandydaci na ministrant\u00f3w do\u0142\u0105czy\u0107 do Liturgicznej S\u0142u\u017cby O\u0142tarza. Rodzic\u00f3w prosimy o zach\u0119cenie syn\u00f3w i pomoc w podj\u0119ciu zaszczytnej s\u0142u\u017cby.<\/p>\n<p>W pi\u0105tek, wspomnienie \u015bw. Wincentego \u00e1 Paulo, prezbitera. W sobot\u0119, wspomnienie \u015bw. Wac\u0142awa, m\u0119czennika, patrona katedry na Wawelu. O godzinie 10.00 zbi\u00f3rka ministrant\u00f3w           i lektor\u00f3w. Obecno\u015b\u0107 obowi\u0105zkowa.<\/p>\n<p>W sobot\u0119 zapraszamy na kolejny Wiecz\u00f3r Uwielbienia. Pocz\u0105tek o 19.30. W programie wieczoru adoracja Pana Jezusa, wielbienie Go \u015bpiewem, r\u00f3\u017caniec, indywidualne b\u0142ogos\u0142awie\u0144stwo Naj\u015bwi\u0119tszym Sakramentem i Apel Jasnog\u00f3rski. Serdecznie zapraszamy do wsp\u00f3lnej modlitwy.   W tym dniu przypada rocznica \u015bwi\u0119ce\u0144 bp. Damiana Muskusa.<\/p>\n<p>W sobot\u0119, tj. 28 wrze\u015bnia odb\u0119dzie si\u0119 w Sanktuarium Bo\u017cego Mi\u0142osierdzia w Krakowie-\u0141agiewnikach XIV Pielgrzymka \u017bywego R\u00f3\u017ca\u0144ca. Nasza parafia zarezerwowa\u0142a autokar i organizuje wyjazd na to modlitewne spotkanie. Zaproszenie kierujemy do zelator\u00f3w i cz\u0142onki\u0144 i cz\u0142onk\u00f3w naszych R\u00f3\u017c R\u00f3\u017ca\u0144cowych. Wyjazd o godz. 9.00 z parkingu sprzed ko\u015bcio\u0142a. Ch\u0119tni na wyjazd proszeni s\u0105 o wpisanie si\u0119 na list\u0119, kt\u00f3ra znajduje si\u0119 w zakrystii. Zapisy tylko do \u015brody.<\/p>\n<p>W przysz\u0142\u0105 niedziel\u0119 na mszy \u015bw. o godz. 9.00 odb\u0119dzie si\u0119 po\u015bwi\u0119cenie i wr\u0119czenie r\u00f3\u017ca\u0144ca dzieciom pierwszokomunijnym. Zapraszamy dzieci z klas 3 razem z babciami.<\/p>\n<p>Dzisiaj, o godz. 17.00 wyruszymy na Parafialn\u0105 Drog\u0119 Krzy\u017cow\u0105 na Urbani\u0105 G\u00f3r\u0119. Zapraszamy do wsp\u00f3lnej rodzinnej modlitwy. Rozwa\u017cania poprowadz\u0105 rodziny ze wsp\u00f3lnoty Ruch Duchowo\u015bci Ma\u0142\u017ce\u0144skiej \u00c9quipes Notre-Dame.<\/p>\n<p>W nast\u0119pn\u0105 niedziel\u0119, tj. 29 wrze\u015bnia odb\u0119d\u0105 si\u0119 uroczysto\u015bci po\u015bwi\u0119cone 80. rocznicy pacyfikacji Zawadki. Msza \u015bwi\u0119ta przy pomniku o godz. 14:00.w Szczeg\u00f3\u0142y uroczysto\u015bci na plakatach, facebooku oraz na stronach Kliszczackiego Centrum Kultury i Gminy Tokarnia.<\/p>\n<p>Solenizantkom, Solenizantom tego tygodnia i Jubilatom sk\u0142adamy najlepsze \u017cyczenia. Wszystkim Go\u015bciom oraz naszym Parafianom \u017cyczymy b\u0142ogos\u0142awionej niedzieli i dobrego tygodnia. <\/p>\n","protected":false},"excerpt":{"rendered":"<p>Dzi\u0119kujemy mieszka\u0144com 4. cz\u0119\u015bci roli Osiedla G\u00f3rnego za posprz\u0105tanie \u015bwi\u0105tyni, za porz\u0105dki wok\u00f3\u0142 niej i za z\u0142o\u017con\u0105 ofiar\u0119 na ko\u015bci\u00f3\u0142. O przygotowanie ko\u015bcio\u0142a w tym tygodniu prosimy mieszka\u0144c\u00f3w r\u00f3l: Dzio\u0142ek, J\u0105tyki, Nad Kacprem. Dzisiaj w archidiecezji krakowskiej prze\u017cywamy Dzie\u0144 Modlitw za M\u0142odzie\u017c. Zaplanowana na dzisiejszy dzie\u0144 zbi\u00f3rka na rzecz Duszpasterstwa M\u0142odzie\u017cy odb\u0119dzie si\u0119 w inny [&hellip;]<\/p>\n","protected":false},"author":4,"featured_media":0,"comment_status":"closed","ping_status":"closed","sticky":false,"template":"","format":"standard","meta":{"footnotes":""},"categories":[6],"tags":[],"class_list":["post-11761","post","type-post","status-publish","format-standard","hentry","category-ogloszenia"],"_links":{"self":[{"href":"https:\/\/parafiatokarnia.pl\/index.php?rest_route=\/wp\/v2\/posts\/11761","targetHints":{"allow":["GET"]}}],"collection":[{"href":"https:\/\/parafiatokarnia.pl\/index.php?rest_route=\/wp\/v2\/posts"}],"about":[{"href":"https:\/\/parafiatokarnia.pl\/index.php?rest_route=\/wp\/v2\/types\/post"}],"author":[{"embeddable":true,"href":"https:\/\/parafiatokarnia.pl\/index.php?rest_route=\/wp\/v2\/users\/4"}],"replies":[{"embeddable":true,"href":"https:\/\/parafiatokarnia.pl\/index.php?rest_route=%2Fwp%2Fv2%2Fcomments&post=11761"}],"version-history":[{"count":2,"href":"https:\/\/parafiatokarnia.pl\/index.php?rest_route=\/wp\/v2\/posts\/11761\/revisions"}],"predecessor-version":[{"id":11772,"href":"https:\/\/parafiatokarnia.pl\/index.php?rest_route=\/wp\/v2\/posts\/11761\/revisions\/11772"}],"wp:attachment":[{"href":"https:\/\/parafiatokarnia.pl\/index.php?rest_route=%2Fwp%2Fv2%2Fmedia&parent=11761"}],"wp:term":[{"taxonomy":"category","embeddable":true,"href":"https:\/\/parafiatokarnia.pl\/index.php?rest_route=%2Fwp%2Fv2%2Fcategories&post=11761"},{"taxonomy":"post_tag","embeddable":true,"href":"https:\/\/parafiatokarnia.pl\/index.php?rest_route=%2Fwp%2Fv2%2Ftags&post=11761"}],"curies":[{"name":"wp","href":"https:\/\/api.w.org\/{rel}","templated":true}]}}