{"id":11648,"date":"2024-08-06T11:17:03","date_gmt":"2024-08-06T11:17:03","guid":{"rendered":"https:\/\/parafiatokarnia.pl\/?p=11648"},"modified":"2024-08-11T09:29:02","modified_gmt":"2024-08-11T09:29:02","slug":"5-sierpnia-2024-do-11-sierpnia-2024","status":"publish","type":"post","link":"https:\/\/parafiatokarnia.pl\/?p=11648","title":{"rendered":"5 sierpnia 2024 do 11 sierpnia 2024"},"content":{"rendered":"<p>Poniedzia\u0142ek 5 sierpnia 2024  Odpust parafialny<br \/>\n07:00 W podzi\u0119kowaniu za otrzymane \u0142aski, z pro\u015bb\u0105 o dalsze Bo\u017ce b\u0142ogos\u0142awie\u0144stwo i opiek\u0119 Matki Bo\u017cej \u015anie\u017cnej dla Anny i Czes\u0142awa Czyszczo\u0144 z okazji 30. rocznicy zawarcia Sakramentu Ma\u0142\u017ce\u0144stwa<br \/>\n09:00 W podzi\u0119kowaniu za otrzymane \u0142aski, z pro\u015bb\u0105 o dalsze Bo\u017ce b\u0142ogos\u0142awie\u0144stwo i opiek\u0119 Matki Bo\u017cej \u015anie\u017cnej dla Franciszka i Ani Hanusiak\u00f3w z okazji 40. rocznicy zawarcia Sakramentu Ma\u0142\u017ce\u0144stwa<br \/>\n11:00 ZA PARAFIAN<br \/>\n15:30 W podzi\u0119kowaniu za otrzymane \u0142aski, z pro\u015bb\u0105 o dalsze Bo\u017ce b\u0142ogos\u0142awie\u0144stwo i opiek\u0119 Matki Bo\u017cej \u015anie\u017cnej dla J\u00f3zefy i Stanis\u0142awa Pieron\u00f3w z okazji ich 80. rocznicy urodzin <\/p>\n<p>Wtorek 6 sierpnia 2024<br \/>\n07:00 + Janina Hanusiak \u2013 od brata Henryka z \u017con\u0105<\/p>\n<p>\u015aroda 7 sierpnia 2024<br \/>\n18:00   Za Parafian<\/p>\n<p>Czwartek 8 sierpnia 2024<br \/>\n07:00 + Janina Hanusiak \u2013 od siostrze\u0144ca Adama z rodzin\u0105<\/p>\n<p>Pi\u0105tek 9 sierpnia 2024<br \/>\n18:00  Za Zmar\u0142ych<\/p>\n<p>Sobota 10 sierpnia 2024<br \/>\n18:00 + Janina Hanusiak \u2013 od siostrze\u0144ca Adama z rodzin\u0105<\/p>\n<p>Niedziela 11 sierpnia 2024<br \/>\n07:00 + Ludwika Tobolak \u2013 1. rocznica \u015bmierci + J\u00f3zef, m\u0105\u017c<br \/>\n09:00 + Katarzyna Jurczak \u2013 6. rocznica \u015bmierci<br \/>\n11:00 W podzi\u0119kowaniu za wszystkie otrzymane \u0142aski, z pro\u015bb\u0105 o dalsze Bo\u017ce b\u0142ogos\u0142awie\u0144stwo i opiek\u0119 Matki Bo\u017cej \u015anie\u017cnej dla Krzysztofa i Stanis\u0142awy z okazji 25. rocznicy zawarcia Sakramentu Ma\u0142\u017ce\u0144stwa<br \/>\n15:30 W podzi\u0119kowaniu za wszystkie otrzymane \u0142aski, z pro\u015bb\u0105 o dalsze Bo\u017ce b\u0142ogos\u0142awie\u0144stwo i opiek\u0119 Matki Bo\u017cej \u015anie\u017cnej dla cz\u0142onki\u0144 R\u00f3\u017cy MB Kalwaryjskiej oraz za dusze zmar\u0142ych cz\u0142onki\u0144 tej R\u00f3\u017cy <\/p>\n","protected":false},"excerpt":{"rendered":"<p>Poniedzia\u0142ek 5 sierpnia 2024 Odpust parafialny 07:00 W podzi\u0119kowaniu za otrzymane \u0142aski, z pro\u015bb\u0105 o dalsze Bo\u017ce b\u0142ogos\u0142awie\u0144stwo i opiek\u0119 Matki Bo\u017cej \u015anie\u017cnej dla Anny i Czes\u0142awa Czyszczo\u0144 z okazji 30. rocznicy zawarcia Sakramentu Ma\u0142\u017ce\u0144stwa 09:00 W podzi\u0119kowaniu za otrzymane \u0142aski, z pro\u015bb\u0105 o dalsze Bo\u017ce b\u0142ogos\u0142awie\u0144stwo i opiek\u0119 Matki Bo\u017cej \u015anie\u017cnej dla Franciszka i [&hellip;]<\/p>\n","protected":false},"author":4,"featured_media":0,"comment_status":"closed","ping_status":"closed","sticky":false,"template":"","format":"standard","meta":{"footnotes":""},"categories":[22],"tags":[],"class_list":["post-11648","post","type-post","status-publish","format-standard","hentry","category-intencje"],"_links":{"self":[{"href":"https:\/\/parafiatokarnia.pl\/index.php?rest_route=\/wp\/v2\/posts\/11648","targetHints":{"allow":["GET"]}}],"collection":[{"href":"https:\/\/parafiatokarnia.pl\/index.php?rest_route=\/wp\/v2\/posts"}],"about":[{"href":"https:\/\/parafiatokarnia.pl\/index.php?rest_route=\/wp\/v2\/types\/post"}],"author":[{"embeddable":true,"href":"https:\/\/parafiatokarnia.pl\/index.php?rest_route=\/wp\/v2\/users\/4"}],"replies":[{"embeddable":true,"href":"https:\/\/parafiatokarnia.pl\/index.php?rest_route=%2Fwp%2Fv2%2Fcomments&post=11648"}],"version-history":[{"count":3,"href":"https:\/\/parafiatokarnia.pl\/index.php?rest_route=\/wp\/v2\/posts\/11648\/revisions"}],"predecessor-version":[{"id":11657,"href":"https:\/\/parafiatokarnia.pl\/index.php?rest_route=\/wp\/v2\/posts\/11648\/revisions\/11657"}],"wp:attachment":[{"href":"https:\/\/parafiatokarnia.pl\/index.php?rest_route=%2Fwp%2Fv2%2Fmedia&parent=11648"}],"wp:term":[{"taxonomy":"category","embeddable":true,"href":"https:\/\/parafiatokarnia.pl\/index.php?rest_route=%2Fwp%2Fv2%2Fcategories&post=11648"},{"taxonomy":"post_tag","embeddable":true,"href":"https:\/\/parafiatokarnia.pl\/index.php?rest_route=%2Fwp%2Fv2%2Ftags&post=11648"}],"curies":[{"name":"wp","href":"https:\/\/api.w.org\/{rel}","templated":true}]}}