{"id":11639,"date":"2024-07-28T00:26:51","date_gmt":"2024-07-28T00:26:51","guid":{"rendered":"https:\/\/parafiatokarnia.pl\/?p=11639"},"modified":"2024-07-31T14:21:37","modified_gmt":"2024-07-31T14:21:37","slug":"17-niedziela-zwykla-2024","status":"publish","type":"post","link":"https:\/\/parafiatokarnia.pl\/?p=11639","title":{"rendered":"17. NIEDZIELA ZWYK\u0141A 2024"},"content":{"rendered":"<p>We \u015brod\u0119 odby\u0142 si\u0119 pogrzeb \u015bp. Marii Ba\u0144czak. Pole\u0107my dusz\u0119 Zmar\u0142ej Bo\u017cemu Mi\u0142osierdziu.<\/p>\n<p>Dzi\u0119kujemy mieszka\u0144com roli Tarn\u00f3w za posprz\u0105tanie \u015bwi\u0105tyni, za porz\u0105dki wok\u00f3\u0142 niej i za z\u0142o\u017con\u0105 ofiar\u0119 na ko\u015bci\u00f3\u0142. O przygotowanie ko\u015bcio\u0142a w tym tygodniu prosimy mieszka\u0144c\u00f3w r\u00f3l: M\u0142yny, Kud\u0142y, Kasperki i Kanie. Prosimy uprzejmie o kontakt z ks. Proboszczem odno\u015bnie do dekoracji ko\u015bcio\u0142a i o\u0142tarzy kwiatami oraz z p. ko\u015bcielnym celem ustalenia harmonogramu prac porz\u0105dkowych, zw\u0142aszcza wok\u00f3\u0142 \u015bwi\u0105tyni, aby przygotowa\u0107 obej\u015bcie wok\u00f3\u0142 ko\u015bcio\u0142a przed odpustem. Prosimy, aby wzi\u0105\u0107 ze sob\u0105 stosowne narz\u0119dzia. <\/p>\n<p>Jutro wspomnienie \u015bw. Marty, Marii i \u0141azarza. W \u015brod\u0119 wspomnienie \u015bw. Ignacego z Loyoli, prezbitera. W czwartek wspomnienie \u015bw. Alfonsa Marii Liguoriego, biskupa i doktora Ko\u015bcio\u0142a. <\/p>\n<p>Przed nami odpust parafialny. Aby dobrze duchowo przygotowa\u0107 si\u0119 do odpustu, We \u015brod\u0119 (31 lipca) na msz\u0119 \u015bw. o godz. 18.00 (nowennow\u0105) zapraszamy ma\u0142\u017ce\u0144stwa, rodziny i wszystkich, kt\u00f3rzy pragn\u0105 podzi\u0119kowa\u0107 Matce Bo\u017cej \u015anie\u017cnej za wszystkie otrzymane od Boga \u0142aski za Jej wstawiennictwem.<\/p>\n<p>W tym tygodniu przypada pierwszy czwartek miesi\u0105ca. Msza \u015bw. o godz. 7.00, a po niej godzinna adoracja Naj\u015bwi\u0119tszego Sakramentu, zwana Godzin\u0105 \u015awi\u0119t\u0105 do godziny 9.00.<br \/>\nDodatkowo w tym dniu o godz. 9.00 odprawimy msz\u0119 \u015bw. dla naszych Senior\u00f3w. Zapraszamy do ko\u015bcio\u0142a osoby starsze i samotne. Podczas mszy \u015bw. udzielimy Sakramentu Namaszczenia Chorych. Spowied\u017a dla chorych od godziny 8.00. <\/p>\n<p>Z racji pierwszego pi\u0105tku miesi\u0105ca msza \u015bwi\u0119ta wotywna o NSPJ b\u0119dzie odprawiona o godz. 7.00. Po jej zako\u0144czeniu adoracja Naj\u015bwi\u0119tszego Sakramentu, akt po\u015bwi\u0119cenia rodzaju ludzkiego i litania do NSPJ. Spowied\u017a rano od 6.45 do 8.00. Wieczorem od godz. 16.00 do 18.00. W tym czasie b\u0119dzie wystawiony Naj\u015bwi\u0119tszy Sakrament i adoracja w ciszy. Zapraszamy przed oblicze Jezusa eucharystycznego, aby uwielbi\u0107 Boga za dar Maryi, naszej Matki, za Jej opiek\u0119 nad naszymi rodzinami i nasz\u0105 parafi\u0105. Wieczorna msza \u015bwi\u0119ta o godz. 18.00.<\/p>\n<p>W pierwsz\u0105 sobot\u0119 miesi\u0105ca, msza \u015bw. wotywna o Niepokalanym Sercu NMP o godz. 7.00, po niej r\u00f3\u017caniec wynagradzaj\u0105cy za zniewagi i ludzk\u0105 ozi\u0119b\u0142o\u015b\u0107. Na t\u0119 msz\u0119 \u015bwi\u0119t\u0105 i r\u00f3\u017caniec zapraszamy grupy modlitewne, szczeg\u00f3lnie R\u00f3\u017ce R\u00f3\u017ca\u0144cowe.<\/p>\n<p>W sobot\u0119 (3 sierpnia) odwiedzimy chorych w ich domach. Prosimy, aby ju\u017c dzisiaj &#8211; po zako\u0144czonej mszy \u015bw. &#8211; podej\u015b\u0107 do zakrystii, aby wpisa\u0107 na list\u0119 chorych, kt\u00f3rych  odwiedza\u0107 b\u0119dziemy od godz. 8.00. Prosimy uprzejmie o zadeklarowanie si\u0119 dw\u00f3ch kierowc\u00f3w (jednego z Tokarni i jednego z Wi\u0119cier\u017cy). W przypadku braku zg\u0142oszenia si\u0119 kierowc\u00f3w, prosimy rodziny chorych o zapewnienie transportu kap\u0142ana z Naj\u015bwi\u0119tszym Sakramentem.<br \/>\nZbi\u00f3rka ministrant\u00f3w i lektor\u00f3w w sobot\u0119 o 10.00. Obecno\u015b\u0107 obowi\u0105zkowa.<\/p>\n<p>W najbli\u017csz\u0105 niedziel\u0119, tj. 4 sierpnia spowied\u017a przed odpustem parafialnym. B\u0119dzie dodatkowo dw\u00f3ch kap\u0142an\u00f3w-spowiednik\u00f3w. Przed ka\u017cd\u0105 msz\u0105 \u015bwi\u0119t\u0105 &#8211; 30 min. wcze\u015bniej \u2013 b\u0119dziemy mieli okazj\u0119 do spowiedzi. Zaplanujmy sobie ten czas i przyjd\u017amy do \u015bwi\u0105tyni nieco wcze\u015bniej, aby skorzysta\u0107 z dogodnych warunk\u00f3w do spowiedzi. <\/p>\n<p>Podczas sumy, o godz. 11.00 b\u0119dzie mia\u0142 miejsce Z\u0142oty Jubileusz \u015bwi\u0119ce\u0144 kap\u0142a\u0144skich ks. Boles\u0142awa Zadory, Salwatorianina, naszego Rodaka, kt\u00f3ry dnia 23 maja 1974 roku przyj\u0105\u0142 \u015bwi\u0119cenia kap\u0142a\u0144skie. Przez wiele lat pracowa\u0142 na misjach w najpierw w Tanzanii, a obecnie od 30 lat w Teksasie. W czasie modlitwy z Rodakami: Kap\u0142anami i Siostrami Zakonnymi b\u0119dziemy wsp\u00f3lnie dzi\u0119kowa\u0107 za dar powo\u0142ania z naszej wsp\u00f3lnoty i kap\u0142a\u0144stwa ks. Boles\u0142awa i 50 lat jego pos\u0142ugi dla Boga i Ko\u015bcio\u0142a. Kazanie okoliczno\u015bciowe wyg\u0142osi o. Ignacy Pawlus SDS. Zapraszamy do tej pi\u0119knej modlitwy dzi\u0119kczynnej.<\/p>\n<p>Solenizantkom, Solenizantom tego tygodnia, Czcigodnym Jubilatom sk\u0142adamy najlepsze \u017cyczenia: wielu Bo\u017cych \u0142ask oraz opieki Pani Tokarskiej na ka\u017cdy dzie\u0144. Wszystkim Go\u015bciom, \u0142\u0105cz\u0105cym si\u0119 poprzez przekaz transmisji internetowej oraz naszym Parafianom \u017cyczymy b\u0142ogos\u0142awionej niedzieli i dobrego tygodnia i udanych wakacji. <\/p>\n<p>W ka\u017cdym dniu naszego wypoczynku zadbajmy tak\u017ce o czas na spotkanie z Bogiem.<\/p>\n","protected":false},"excerpt":{"rendered":"<p>We \u015brod\u0119 odby\u0142 si\u0119 pogrzeb \u015bp. Marii Ba\u0144czak. Pole\u0107my dusz\u0119 Zmar\u0142ej Bo\u017cemu Mi\u0142osierdziu. Dzi\u0119kujemy mieszka\u0144com roli Tarn\u00f3w za posprz\u0105tanie \u015bwi\u0105tyni, za porz\u0105dki wok\u00f3\u0142 niej i za z\u0142o\u017con\u0105 ofiar\u0119 na ko\u015bci\u00f3\u0142. O przygotowanie ko\u015bcio\u0142a w tym tygodniu prosimy mieszka\u0144c\u00f3w r\u00f3l: M\u0142yny, Kud\u0142y, Kasperki i Kanie. Prosimy uprzejmie o kontakt z ks. Proboszczem odno\u015bnie do dekoracji ko\u015bcio\u0142a [&hellip;]<\/p>\n","protected":false},"author":4,"featured_media":0,"comment_status":"closed","ping_status":"closed","sticky":false,"template":"","format":"standard","meta":{"footnotes":""},"categories":[6],"tags":[],"class_list":["post-11639","post","type-post","status-publish","format-standard","hentry","category-ogloszenia"],"_links":{"self":[{"href":"https:\/\/parafiatokarnia.pl\/index.php?rest_route=\/wp\/v2\/posts\/11639","targetHints":{"allow":["GET"]}}],"collection":[{"href":"https:\/\/parafiatokarnia.pl\/index.php?rest_route=\/wp\/v2\/posts"}],"about":[{"href":"https:\/\/parafiatokarnia.pl\/index.php?rest_route=\/wp\/v2\/types\/post"}],"author":[{"embeddable":true,"href":"https:\/\/parafiatokarnia.pl\/index.php?rest_route=\/wp\/v2\/users\/4"}],"replies":[{"embeddable":true,"href":"https:\/\/parafiatokarnia.pl\/index.php?rest_route=%2Fwp%2Fv2%2Fcomments&post=11639"}],"version-history":[{"count":2,"href":"https:\/\/parafiatokarnia.pl\/index.php?rest_route=\/wp\/v2\/posts\/11639\/revisions"}],"predecessor-version":[{"id":11643,"href":"https:\/\/parafiatokarnia.pl\/index.php?rest_route=\/wp\/v2\/posts\/11639\/revisions\/11643"}],"wp:attachment":[{"href":"https:\/\/parafiatokarnia.pl\/index.php?rest_route=%2Fwp%2Fv2%2Fmedia&parent=11639"}],"wp:term":[{"taxonomy":"category","embeddable":true,"href":"https:\/\/parafiatokarnia.pl\/index.php?rest_route=%2Fwp%2Fv2%2Fcategories&post=11639"},{"taxonomy":"post_tag","embeddable":true,"href":"https:\/\/parafiatokarnia.pl\/index.php?rest_route=%2Fwp%2Fv2%2Ftags&post=11639"}],"curies":[{"name":"wp","href":"https:\/\/api.w.org\/{rel}","templated":true}]}}