{"id":11557,"date":"2024-05-27T00:41:00","date_gmt":"2024-05-27T00:41:00","guid":{"rendered":"https:\/\/parafiatokarnia.pl\/?p=11557"},"modified":"2024-05-25T12:41:12","modified_gmt":"2024-05-25T12:41:12","slug":"27-maja-2024-do-2-czerwca-2024","status":"publish","type":"post","link":"https:\/\/parafiatokarnia.pl\/?p=11557","title":{"rendered":"27 maja 2024 do 2 czerwca 2024"},"content":{"rendered":"<p>Poniedzia\u0142ek 27 maja 2024<br \/>\n07:00 + Marcin Szewc \u2013 od kuzyna Jakuba z Ilon\u0105<br \/>\n18:00 + Stanis\u0142aw Wojtasik \u2013 od chrze\u015bnicy Agnieszki<\/p>\n<p>Wtorek 28 maja 2024<br \/>\n07:00 + Stanis\u0142aw Wojtasik \u2013 od chrze\u015bnicy Agnieszki<br \/>\n18:00 + Marcin Szewc \u2013 od kuzynki Justyny z m\u0119\u017cem<\/p>\n<p>\u015aroda 29 maja 2024<br \/>\n07:00 + Marcin Szewc \u2013 od kuzynki Beaty z m\u0119\u017cem<br \/>\n18:00 Za Parafian<\/p>\n<p>Czwartek 30 maja 2024 \u2013 BO\u017bE CIA\u0141O<br \/>\n07:00 + Tadeusz + Teresa Tomal<br \/>\n10:00 + Henryk Gwi\u017cd\u017c \u2013 8. rocznica \u015bmierci<br \/>\n10:00 + Genowefa Bier\u00f3wka<br \/>\n15:30 + Stanis\u0142aw Korabik<\/p>\n<p>Pi\u0105tek 31 maja 2024<br \/>\n7:00 + Marcin Szewc \u2013 od cioci Maryli z rodzin\u0105<br \/>\n18:00 Za Zmar\u0142ych<\/p>\n<p>Sobota 1 czerwca 2024<br \/>\n07:00 Wynagradzaj\u0105ca za grzechy przeciwko Niepokalanemu Sercu NMP<br \/>\n18:00 + Marcin Szewc \u2013 od wujka J\u00f3zefa<\/p>\n<p>Niedziela 2 czerwca 2024<br \/>\n07:00 + Czes\u0142awa Hanusiak \u2013 4. rocznica \u015bmierci<br \/>\n09:00 W podzi\u0119kowaniu za otrzymane \u0142aski, z pro\u015bb\u0105 o dalsze Bo\u017ce b\u0142ogos\u0142awie\u0144stwo i opiek\u0119 Matki Bo\u017cej dla W\u0142adys\u0142awa Kluski z okazji 80. rocznicy urodzin<br \/>\n11:00 + Henryk Gwi\u017cd\u017c \u2013 8. rocznica \u015bmierci<br \/>\n15:30 Za dusze w czy\u015b\u0107cu cierpi\u0105ce<\/p>\n","protected":false},"excerpt":{"rendered":"<p>Poniedzia\u0142ek 27 maja 2024 07:00 + Marcin Szewc \u2013 od kuzyna Jakuba z Ilon\u0105 18:00 + Stanis\u0142aw Wojtasik \u2013 od chrze\u015bnicy Agnieszki Wtorek 28 maja 2024 07:00 + Stanis\u0142aw Wojtasik \u2013 od chrze\u015bnicy Agnieszki 18:00 + Marcin Szewc \u2013 od kuzynki Justyny z m\u0119\u017cem \u015aroda 29 maja 2024 07:00 + Marcin Szewc \u2013 od kuzynki [&hellip;]<\/p>\n","protected":false},"author":4,"featured_media":0,"comment_status":"closed","ping_status":"closed","sticky":false,"template":"","format":"standard","meta":{"footnotes":""},"categories":[22],"tags":[],"class_list":["post-11557","post","type-post","status-publish","format-standard","hentry","category-intencje"],"_links":{"self":[{"href":"https:\/\/parafiatokarnia.pl\/index.php?rest_route=\/wp\/v2\/posts\/11557","targetHints":{"allow":["GET"]}}],"collection":[{"href":"https:\/\/parafiatokarnia.pl\/index.php?rest_route=\/wp\/v2\/posts"}],"about":[{"href":"https:\/\/parafiatokarnia.pl\/index.php?rest_route=\/wp\/v2\/types\/post"}],"author":[{"embeddable":true,"href":"https:\/\/parafiatokarnia.pl\/index.php?rest_route=\/wp\/v2\/users\/4"}],"replies":[{"embeddable":true,"href":"https:\/\/parafiatokarnia.pl\/index.php?rest_route=%2Fwp%2Fv2%2Fcomments&post=11557"}],"version-history":[{"count":1,"href":"https:\/\/parafiatokarnia.pl\/index.php?rest_route=\/wp\/v2\/posts\/11557\/revisions"}],"predecessor-version":[{"id":11558,"href":"https:\/\/parafiatokarnia.pl\/index.php?rest_route=\/wp\/v2\/posts\/11557\/revisions\/11558"}],"wp:attachment":[{"href":"https:\/\/parafiatokarnia.pl\/index.php?rest_route=%2Fwp%2Fv2%2Fmedia&parent=11557"}],"wp:term":[{"taxonomy":"category","embeddable":true,"href":"https:\/\/parafiatokarnia.pl\/index.php?rest_route=%2Fwp%2Fv2%2Fcategories&post=11557"},{"taxonomy":"post_tag","embeddable":true,"href":"https:\/\/parafiatokarnia.pl\/index.php?rest_route=%2Fwp%2Fv2%2Ftags&post=11557"}],"curies":[{"name":"wp","href":"https:\/\/api.w.org\/{rel}","templated":true}]}}