{"id":11511,"date":"2024-04-27T08:20:38","date_gmt":"2024-04-27T08:20:38","guid":{"rendered":"https:\/\/parafiatokarnia.pl\/?p=11511"},"modified":"2024-04-28T07:57:10","modified_gmt":"2024-04-28T07:57:10","slug":"5-niedziela-wielkanocna-2024","status":"publish","type":"post","link":"https:\/\/parafiatokarnia.pl\/?p=11511","title":{"rendered":"5. NIEDZIELA WIELKANOCNA 2024"},"content":{"rendered":"<p>Dzi\u0119kujemy mieszka\u0144com 2. cz\u0119\u015bci roli Fu\u0142y za posprz\u0105tanie \u015bwi\u0105tyni, porz\u0105dki wok\u00f3\u0142 niej i za z\u0142o\u017con\u0105 ofiar\u0119 na ko\u015bci\u00f3\u0142. O przygotowanie ko\u015bcio\u0142a w tym tygodniu prosimy mieszka\u0144c\u00f3w roli Florki. <\/p>\n<p>Dzi\u0119kujemy narzeczonym: Natalii Fiedor i Dawidowi Proszkowi za ofiar\u0119 na ko\u015bci\u00f3\u0142 z\u0142o\u017con\u0105 przy okazji zapowiedzi.<\/p>\n<p>W poniedzia\u0142ek, \u015bwi\u0119to \u015bw. Katarzyny ze Sieny, dziewicy i doktora Ko\u015bcio\u0142a, patronki Europy. Dzie\u0144 m\u0119cze\u0144stwa duchowie\u0144stwa polskiego w czasie II wojny \u015bwiatowej. W tym dniu rozpoczyna si\u0119 nowenna do \u015bw. Stanis\u0142awa BM.<\/p>\n<p>We wtorek rozpoczynamy miesi\u0105c maj, kt\u00f3ry zach\u0119ca nas do refleksji pi\u0119knym zwyczajem nabo\u017ce\u0144stw majowych ze \u015bpiewem Litanii loreta\u0144skiej i pie\u015bni maryjnych. Odprawiane s\u0105 one nie tylko w naszym ko\u015bciele, ale tak\u017ce przy kapliczkach na rolach i w grocie na Kalwarii Tokarskiej. Nabo\u017ce\u0144stwo majowe, odprawiamy w ko\u015bciele codziennie o godz. 17.30, w niedziel\u0119 o godzinie 15.00. Zapraszamy dzieci, m\u0142odzie\u017c i doros\u0142ych do wsp\u00f3lnej modlitwy. W czasie nabo\u017ce\u0144stwa b\u0119dziemy modli\u0107 si\u0119 b\u0119dziemy za Ojca \u015bw., Ko\u015bci\u00f3\u0142 powszechny, Ojczyzn\u0119, za rodziny, o powo\u0142ania kap\u0142a\u0144skie, a tak\u017ce o pok\u00f3j na \u015bwiecie i o dobre urodzaje.<\/p>\n<p>W tym tygodniu przypada pierwszy czwartek (Godzina \u015awi\u0119ta o godz. 17.00), pierwszy pi\u0105tek i pierwsza sobota miesi\u0105ca. Spowied\u017a \u015bw. w pi\u0105tek z racji Uroczysto\u015bci NMP, Kr\u00f3lowej Polski przed ka\u017cd\u0105 msz\u0105 \u015bwi\u0119t\u0105. <\/p>\n<p>W pi\u0105tek, w kalendarzu liturgicznym obchodzimy Uroczysto\u015b\u0107 NMP, Kr\u00f3lowej Polski Odpust w Str\u00f3\u017cy. Porz\u0105dek mszy \u015bw. w naszym ko\u015bciele, jak w niedziel\u0119: 7.00, 9.00, 11.00 i 15.30. <\/p>\n<p>To tak\u017ce kolejna rocznica uchwalenia Konstytucji 3 Maja w 1791 roku.<\/p>\n<p>O godz. 13.00 msza \u015bwi\u0119ta za Ojczyzn\u0119 oraz za Stra\u017cak\u00f3w w przededniu \u015awi\u0119ta \u015bw. Floriana. Po eucharystii przemarsz na Plac im. kpt. Mieczys\u0142awa Targowskiego, od\u015bpiewanie hymnu pa\u0144stwowego i z\u0142o\u017cenie kwiat\u00f3w. Szczeg\u00f3\u0142y na plakatach, facebooku oraz stronach KCK i Gminy Tokarnia.  <\/p>\n<p>W sobot\u0119, wspomnienie \u015bw. Floriana, m\u0119czennika. Z okazji \u015awi\u0119ta Dnia Stra\u017caka z ca\u0142ego serca \u017cyczymy naszym dzielnym Druhnom i Druhom bezpiecznej s\u0142u\u017cby, zawsze szcz\u0119\u015bliwych powrot\u00f3w z akcji, a tak\u017ce zdrowia, szcz\u0119\u015bcia oraz wszelkiej pomy\u015blno\u015bci w \u017cyciu osobistym. <\/p>\n<p>Z racji pierwszej niedzieli tygodnia i trwaj\u0105cego Kongresu eucharystycznego, w najbli\u017csz\u0105 niedziel\u0119, po mszy \u015bw. o godz. 11.00 wystawienie Naj\u015bwi\u0119tszego Sakramentu i adoracja w ciszy do godz. 15.00. Znajd\u017amy czas sp\u0119dzony z Panem Bogiem, bo ten czas, jak s\u0142yszeli\u015bmy nigdy nie jest czasem straconym. On si\u0119 nam zawsze zwraca.<\/p>\n<p>Za tydzie\u0144, w niedziel\u0119 odpust w Krzczonowie. Sumie odpustowej o godz. 11.00 przewodniczy\u0107 b\u0119dzie ks. Adam Garlacz, proboszcz parafii \u015bw. Maksymiliana Kolb\u0119 w Opatkowicach, kt\u00f3ry przed 25. laty pe\u0142ni\u0142 pos\u0142ug\u0119 diako\u0144sk\u0105 w Krzczonowie.<\/p>\n<p>Grupa Teatralna TREMO zaprasza nas dzisiaj, na godzin\u0119 19.00 na przedstawienie \u201e\u015alady Mi\u0142osierdzia\u201d w re\u017cyserii Beaty Kie\u0142bowicz. Sala widowiskowa KCK Tokarnia.<\/p>\n<p>Solenizantkom, Solenizantom tego tygodnia; Czcigodnym Jubilatom, nowo\u017ce\u0144com, kt\u00f3rzy wczoraj stan\u0119li na \u015blubnym kobiercu sk\u0142adamy najlepsze \u017cyczenia: wielu Bo\u017cych \u0142ask oraz opieki Pani Tokarskiej na ka\u017cdy dzie\u0144. Wszystkim \u017cyczymy b\u0142ogos\u0142awionej niedzieli.<\/p>\n","protected":false},"excerpt":{"rendered":"<p>Dzi\u0119kujemy mieszka\u0144com 2. cz\u0119\u015bci roli Fu\u0142y za posprz\u0105tanie \u015bwi\u0105tyni, porz\u0105dki wok\u00f3\u0142 niej i za z\u0142o\u017con\u0105 ofiar\u0119 na ko\u015bci\u00f3\u0142. O przygotowanie ko\u015bcio\u0142a w tym tygodniu prosimy mieszka\u0144c\u00f3w roli Florki. Dzi\u0119kujemy narzeczonym: Natalii Fiedor i Dawidowi Proszkowi za ofiar\u0119 na ko\u015bci\u00f3\u0142 z\u0142o\u017con\u0105 przy okazji zapowiedzi. W poniedzia\u0142ek, \u015bwi\u0119to \u015bw. Katarzyny ze Sieny, dziewicy i doktora Ko\u015bcio\u0142a, patronki [&hellip;]<\/p>\n","protected":false},"author":4,"featured_media":0,"comment_status":"closed","ping_status":"closed","sticky":false,"template":"","format":"standard","meta":{"footnotes":""},"categories":[6],"tags":[],"class_list":["post-11511","post","type-post","status-publish","format-standard","hentry","category-ogloszenia"],"_links":{"self":[{"href":"https:\/\/parafiatokarnia.pl\/index.php?rest_route=\/wp\/v2\/posts\/11511","targetHints":{"allow":["GET"]}}],"collection":[{"href":"https:\/\/parafiatokarnia.pl\/index.php?rest_route=\/wp\/v2\/posts"}],"about":[{"href":"https:\/\/parafiatokarnia.pl\/index.php?rest_route=\/wp\/v2\/types\/post"}],"author":[{"embeddable":true,"href":"https:\/\/parafiatokarnia.pl\/index.php?rest_route=\/wp\/v2\/users\/4"}],"replies":[{"embeddable":true,"href":"https:\/\/parafiatokarnia.pl\/index.php?rest_route=%2Fwp%2Fv2%2Fcomments&post=11511"}],"version-history":[{"count":5,"href":"https:\/\/parafiatokarnia.pl\/index.php?rest_route=\/wp\/v2\/posts\/11511\/revisions"}],"predecessor-version":[{"id":11519,"href":"https:\/\/parafiatokarnia.pl\/index.php?rest_route=\/wp\/v2\/posts\/11511\/revisions\/11519"}],"wp:attachment":[{"href":"https:\/\/parafiatokarnia.pl\/index.php?rest_route=%2Fwp%2Fv2%2Fmedia&parent=11511"}],"wp:term":[{"taxonomy":"category","embeddable":true,"href":"https:\/\/parafiatokarnia.pl\/index.php?rest_route=%2Fwp%2Fv2%2Fcategories&post=11511"},{"taxonomy":"post_tag","embeddable":true,"href":"https:\/\/parafiatokarnia.pl\/index.php?rest_route=%2Fwp%2Fv2%2Ftags&post=11511"}],"curies":[{"name":"wp","href":"https:\/\/api.w.org\/{rel}","templated":true}]}}