{"id":11505,"date":"2024-04-20T07:26:00","date_gmt":"2024-04-20T07:26:00","guid":{"rendered":"https:\/\/parafiatokarnia.pl\/?p=11505"},"modified":"2024-04-20T07:26:00","modified_gmt":"2024-04-20T07:26:00","slug":"4-niedziela-wielkanocna-2024","status":"publish","type":"post","link":"https:\/\/parafiatokarnia.pl\/?p=11505","title":{"rendered":"4. NIEDZIELA WIELKANOCNA 2024"},"content":{"rendered":"<p>Dzi\u0119kujemy m\u0142odzie\u017cy bierzmowanej i ich rodzicom za posprz\u0105tanie \u015bwi\u0105tyni i porz\u0105dki wok\u00f3\u0142 niej. O przygotowanie ko\u015bcio\u0142a w tym tygodniu prosimy mieszka\u0144c\u00f3w 2. cz\u0119\u015bci roli Fu\u0142y. <\/p>\n<p>Dzi\u0119kujemy rodzicom m\u0142odzie\u017cy bierzmowanej za z\u0142o\u017cony podczas Bierzmowania dar o\u0142tarza.<\/p>\n<p>W dzisiejsz\u0105 niedziel\u0119 obchodzimy \u015awiatowy Dzie\u0144 Modlitwy o Powo\u0142ania Kap\u0142a\u0144skie. Niech nie zabraknie naszej indywidualnej modlitwy za kap\u0142an\u00f3w i o nowe powo\u0142ania kap\u0142a\u0144skie, tak\u017ce z naszej parafii.<\/p>\n<p>We wtorek, uroczysto\u015b\u0107 \u015bw. Wojciecha, biskupa i m\u0119czennika. Odpust w Krzeczowie.<\/p>\n<p>W czwartek, \u015bwi\u0119to \u015bw. Marka, ewangelisty. To dzie\u0144 imienin abpa Marka J\u0119draszewskiego, Metropolity Krakowskiego, kt\u00f3rego polecamy Waszym modlitwom.<\/p>\n<p>W czwartek o godz. 18.00 w ko\u015bciele parafialnym w Skomielnej Czarnej kolejne spotkanie z cyklu \u201eSpotkanie dla kobiet na poziomie serca\u201d. Konferencj\u0119 pt. \u201eo zaufaniu do siebie i trudnych wyborach \u2013 \u015bwiadectwo\u201d wyg\u0142osz\u0105 Renata i Grzegorz Czerwiccy.<\/p>\n<p>Solenizantkom, Solenizantom tego tygodnia; Czcigodnym Jubilatom, nowo\u017ce\u0144com, kt\u00f3rzy wczoraj stan\u0119li na \u015blubnym kobiercu sk\u0142adamy najlepsze \u017cyczenia: wielu Bo\u017cych \u0142ask oraz opieki Pani Tokarskiej na ka\u017cdy dzie\u0144. Wszystkim \u017cyczymy b\u0142ogos\u0142awionej niedzieli.<\/p>\n","protected":false},"excerpt":{"rendered":"<p>Dzi\u0119kujemy m\u0142odzie\u017cy bierzmowanej i ich rodzicom za posprz\u0105tanie \u015bwi\u0105tyni i porz\u0105dki wok\u00f3\u0142 niej. O przygotowanie ko\u015bcio\u0142a w tym tygodniu prosimy mieszka\u0144c\u00f3w 2. cz\u0119\u015bci roli Fu\u0142y. Dzi\u0119kujemy rodzicom m\u0142odzie\u017cy bierzmowanej za z\u0142o\u017cony podczas Bierzmowania dar o\u0142tarza. W dzisiejsz\u0105 niedziel\u0119 obchodzimy \u015awiatowy Dzie\u0144 Modlitwy o Powo\u0142ania Kap\u0142a\u0144skie. Niech nie zabraknie naszej indywidualnej modlitwy za kap\u0142an\u00f3w i o [&hellip;]<\/p>\n","protected":false},"author":4,"featured_media":0,"comment_status":"closed","ping_status":"closed","sticky":false,"template":"","format":"standard","meta":{"footnotes":""},"categories":[6],"tags":[],"class_list":["post-11505","post","type-post","status-publish","format-standard","hentry","category-ogloszenia"],"_links":{"self":[{"href":"https:\/\/parafiatokarnia.pl\/index.php?rest_route=\/wp\/v2\/posts\/11505","targetHints":{"allow":["GET"]}}],"collection":[{"href":"https:\/\/parafiatokarnia.pl\/index.php?rest_route=\/wp\/v2\/posts"}],"about":[{"href":"https:\/\/parafiatokarnia.pl\/index.php?rest_route=\/wp\/v2\/types\/post"}],"author":[{"embeddable":true,"href":"https:\/\/parafiatokarnia.pl\/index.php?rest_route=\/wp\/v2\/users\/4"}],"replies":[{"embeddable":true,"href":"https:\/\/parafiatokarnia.pl\/index.php?rest_route=%2Fwp%2Fv2%2Fcomments&post=11505"}],"version-history":[{"count":1,"href":"https:\/\/parafiatokarnia.pl\/index.php?rest_route=\/wp\/v2\/posts\/11505\/revisions"}],"predecessor-version":[{"id":11506,"href":"https:\/\/parafiatokarnia.pl\/index.php?rest_route=\/wp\/v2\/posts\/11505\/revisions\/11506"}],"wp:attachment":[{"href":"https:\/\/parafiatokarnia.pl\/index.php?rest_route=%2Fwp%2Fv2%2Fmedia&parent=11505"}],"wp:term":[{"taxonomy":"category","embeddable":true,"href":"https:\/\/parafiatokarnia.pl\/index.php?rest_route=%2Fwp%2Fv2%2Fcategories&post=11505"},{"taxonomy":"post_tag","embeddable":true,"href":"https:\/\/parafiatokarnia.pl\/index.php?rest_route=%2Fwp%2Fv2%2Ftags&post=11505"}],"curies":[{"name":"wp","href":"https:\/\/api.w.org\/{rel}","templated":true}]}}