{"id":1148,"date":"2015-08-07T21:40:39","date_gmt":"2015-08-07T21:40:39","guid":{"rendered":"https:\/\/parafiatokarnia.pl\/?p=1148"},"modified":"2015-08-10T08:05:17","modified_gmt":"2015-08-10T08:05:17","slug":"18-niedziela-zwykla","status":"publish","type":"post","link":"https:\/\/parafiatokarnia.pl\/?p=1148","title":{"rendered":"18 NIEDZIELA ZWYK\u0141A"},"content":{"rendered":"<p>Rozpoczynamy Triduum, przygotowuj\u0105ce nasz\u0105 wsp\u00f3lnot\u0119 parafialn\u0105 do uroczysto\u015bci odpustowych. Dzisiaj, w poniedzia\u0142ek i we wtorek ks. J\u00f3zef zaprasza na godzin\u0119 21.00 na Apel Jasnog\u00f3rski.<\/p>\n<p>Jutro odwiedziny chorych z Tokarni w ich domach z Naj\u015bwi\u0119tszym Sakramentem, a we wtorek chorych z Wi\u0119cier\u017cy. Prosimy uprzejmie jednego kierowc\u0119 z Tokarni na poniedzia\u0142ek i jednego z Wi\u0119cier\u017cy na wtorek. Wyjazd kap\u0142ana do chorych spod plebanii o godzinie 8.00. Zapisy chorych w zakrystii po Mszach \u015bw.<\/p>\n<p>Okazja do spowiedzi przed odpustem dzisiaj na ka\u017cdej Mszy \u015bw. Dodatkowo spowied\u017a we wtorek od godziny 16.00 do 18.00.<\/p>\n<p>We \u015brod\u0119, 5 sierpnia 2015 roku nasza parafia b\u0119dzie prze\u017cywa\u0107 odpust parafialny ku czci Matki Bo\u017cej \u015anie\u017cnej. Sum\u0119 odpustow\u0105 o godzinie 11.00 celebrowa\u0107 b\u0119dzie ks. Infu\u0142at Bronis\u0142aw Fidelus, wikariusz generalny Archidiecezji Krakowskiej. Pozosta\u0142e Msze \u015bw. w tym dniu odprawiamy o godzinie 6.30, 9.00 i 15.30. Po ka\u017cdej Mszy \u015bw. tradycyjnie pob\u0142ogos\u0142awimy dzieci.<\/p>\n<p>Zapraszamy poczty sztandarowe; orkiestr\u0119; nosz\u0105cych figury, feretrony, chor\u0105gwie i r\u00f3\u017ca\u0144ce; dzieci do sypania kwiat\u00f3w, ch\u0142opc\u00f3w z dzwoneczkami; 4 stra\u017cak\u00f3w do baldachimu, Kliszczak\u00f3w w strojach regionalnych, oraz wszystkich Parafian.<\/p>\n<p>Odpust parafialny staje si\u0119 okazj\u0105 do wsp\u00f3lnej modlitwy, a przede wszystkim dzi\u0119kczynienia Bogu za wszystkie otrzymane \u0142aski przez wstawiennictwo Pani Tokarskiej, naszej Patronki. Niech ten uroczysty dzie\u0144 b\u0119dzie dla nas wszystkich \u015bwi\u0119tem naszej parafialnej rodziny. Wykorzystajmy go do wsp\u00f3lnego, rodzinnego, radosnego \u015bwi\u0119towania.<\/p>\n<p>O godzinie 16.00 rozpocznie si\u0119 na placu przy ko\u015bciele dobroczynny Festyn Rodzinny.<\/p>\n<p>Na scenie zata\u0144cz\u0105 dla nas i za\u015bpiewaj\u0105 \u201eMali Krzczonowianie\u201d, \u201eMali Kliszczacy\u201d, b\u0119dziemy mogli podziwia\u0107 wyst\u0119p naszej orkiestry Ochotniczej Stra\u017cy Po\u017carnej i radosny koncert naszej scholi parafialnej \u201e\u015anie\u017cnej Pani\u201d.<\/p>\n<p>Nie zabraknie atrakcji dla najm\u0142odszych. Na placu przed przedszkolem b\u0119d\u0105 dmuchane zje\u017cd\u017calnie, karuzela; \u015bcianka wspinaczkowa; przy plebanii b\u0119d\u0105 prowadzone przez uczestnik\u00f3w O\u015brodka Wsparcia Spo\u0142ecznego warsztaty podczas kt\u00f3rych dzieci b\u0119d\u0105 mog\u0142y samodzielnie wykona\u0107 kwiaty z kolorowej bibu\u0142y, uczy\u0107 si\u0119 robienia na drutach i sk\u0142adania origami. Ratownicy z Malta\u0144skiej S\u0142u\u017cby Medycznej b\u0119d\u0105 prowadzi\u0107 kursy udzielania pierwszej pomocy.<\/p>\n<p>B\u0119dziemy cz\u0119stowa\u0107 groch\u00f3wk\u0105, piec kie\u0142baski, grillowa\u0107, cz\u0119stowa\u0107 domowymi ciastami&#8230;<br \/>\nPo ka\u017cdej Mszy \u015bw., jak r\u00f3wnie\u017c w czasie trwania Festynu b\u0119dziemy rozprowadza\u0107 losy &#8211; \u201ecegie\u0142ki\u201d wspieraj\u0105c\u0105ce nasz g\u0142\u00f3wny cel Festynu, jakim jest pozyskanie \u015brodk\u00f3w finansowych na odnowienie \u201eTokarskiej Kalwarii\u201d. Oczywi\u015bcie przy odrobinie szcz\u0119\u015bcia b\u0119dzie mo\u017cna wygra\u0107 nagrod\u0119 g\u0142\u00f3wn\u0105 \u2013 skuter \u2013 kt\u00f3ry ufundowali Pa\u0144stwo Pajka, w\u0142a\u015bciciele sieci sklep\u00f3w \u201eVALDI+\u201d, oraz tablet, ufundowany przez Pa\u0144stwo Majerczyk. B\u0119d\u0105 te\u017c do wygrania cztery, 4-godzinne wej\u015bci\u00f3wki dla 4-ech rodzin, kt\u00f3rych fundatorem s\u0105 TERMY z Bukowiny Tatrza\u0144skiej, bon towarowy o warto\u015bci 300 z\u0142 ufundowany przez sklep \u201eMR\u00d3WKA\u201d z My\u015blenic, jeden bilet rodzinny do Kopalni Soli w Wieliczce, kt\u00f3ry ufundowa\u0142 Burmistrz Miasta Wieliczka, oraz grill, kt\u00f3rego sponsorem jest Firma KRIS KROF Pana Krzysztofa Koska.<\/p>\n<p>Losowanie nagrody g\u0142\u00f3wnej, oraz pozosta\u0142ych nagr\u00f3d odb\u0119dzie si\u0119 przed wieczornym koncertem Moniki Kuszy\u0144skiej, tegorocznej reprezentantki Polski w finale Eurowizji. Jej koncert planujemy oko\u0142o godziny 19.00.<\/p>\n<p>Uprzejmie prosimy przybywaj\u0105cych od strony \u0141\u0119towni o pozostawianie samochod\u00f3w na parkingu przy Urz\u0105dzie Gminy. Od strony Wi\u0119cier\u017cy o parkowanie pojazd\u00f3w na placu przy magazynie GS-u, kt\u00f3ry b\u0119dzie do dyspozycji a\u017c do zako\u0144czenia Festynu. Bardzo serdecznie prosimy o dostosowanie si\u0119 do polece\u0144 stra\u017cak\u00f3w z Ochotniczej Stra\u017cy Po\u017carnej, kt\u00f3rzy b\u0119d\u0105 dba\u0107 o bezpiecze\u0144stwo w ruchu drogowym i wskazywa\u0107 miejsca parkingowe. Cz\u0119\u015b\u0107 parkingu przy ko\u015bciele pozostawmy do dyspozycji go\u015bci spoza naszej miejscowo\u015bci.<\/p>\n<p>W kalendarzu liturgicznym:<br \/>\nWe wtorek wspomnienie \u015bw. Jana Marii Vianneya, prezbitera.<br \/>\nW czwartek przypada \u015awi\u0119to Przemienienia Pa\u0144skiego.<br \/>\nW sobot\u0119 wspomnienie \u015bw. Dominika, prezbitera.<\/p>\n<p>Przypominamy, \u017ce sierpie\u0144 jest miesi\u0105cem trze\u017awo\u015bci. Ko\u015bci\u00f3\u0142 katolicki w Polsce zach\u0119ca wiernych (i nie tylko) do ca\u0142kowitej abstynencji od alkoholu.<\/p>\n<p>W czasie wakacji Msza \u015bw. w tygodniu odprawiana jest wieczorem o godzinie 18.00.<\/p>\n<p>Dzi\u0119kujemy narzeczonym: Magdalenie i S\u0142awomirowi za z\u0142o\u017con\u0105 ofiar\u0119 na ko\u015bci\u00f3\u0142.<\/p>\n<p>Dzi\u0119kujemy mieszka\u0144com drugiej cz\u0119\u015bci roli Koty za posprz\u0105tanie ko\u015bcio\u0142a, oraz za z\u0142o\u017con\u0105 ofiar\u0119 na ko\u015bci\u00f3\u0142. O porz\u0105dki we wtorek \u2013 przed odpustem &#8211; prosimy mieszka\u0144c\u00f3w roli Lipki, w czwartek \u2013 o pomoc w sprz\u0105taniu po festynie \u2013 uprzejmie prosimy mieszka\u0144c\u00f3w roli Zamki, a w sobot\u0119 mieszka\u0144c\u00f3w roli Polana.<\/p>\n<p>W ubieg\u0142ym tygodniu przy ko\u015bciele pracowali: z roli Bugaje: Tadeusz Durek, Maria Mizera, Tadeusz Durek; z roli Chlebiorz\u00f3wka: Urszula Polaniak, J\u00f3zef \u015amietana, Stanis\u0142aw \u015amietana, Dorota \u015amietana; z roli Molusy: Roman Hucisko, Micha\u0142 P\u0119cek, J\u00f3zef Gierat, Stanis\u0142aw Strzelec, Dorota Migacz, Leszek Luberda, J\u00f3zef Hanusiak; z roli Guz\u00f3wka: Stanis\u0142aw Polaniak, Mieczys\u0142aw Polaniak, Julian Pachura; z roli Koty: Stanis\u0142aw Molus, Kazimierz Kania, Gra\u017cyna Hanusiak i S\u0142awomir Syrek.<\/p>\n<p>W nast\u0119pnym tygodniu zapraszamy do pracy: w poniedzia\u0142ek i we wtorek po dw\u00f3ch m\u0119\u017cczyzn z roli Koty i Polana.<\/p>\n<p>Wszystkim \u017cyczymy dobrego prze\u017cycia uroczysto\u015bci parafialnych. Razem z b\u0142ogos\u0142awie\u0144stwem, przyjmijcie \u017cyczenia dobrego tygodnia.<\/p>\n","protected":false},"excerpt":{"rendered":"<p>Rozpoczynamy Triduum, przygotowuj\u0105ce nasz\u0105 wsp\u00f3lnot\u0119 parafialn\u0105 do uroczysto\u015bci odpustowych. Dzisiaj, w poniedzia\u0142ek i we wtorek ks. J\u00f3zef zaprasza na godzin\u0119 21.00 na Apel Jasnog\u00f3rski. Jutro odwiedziny chorych z Tokarni w ich domach z Naj\u015bwi\u0119tszym Sakramentem, a we wtorek chorych z Wi\u0119cier\u017cy. Prosimy uprzejmie jednego kierowc\u0119 z Tokarni na poniedzia\u0142ek i jednego z Wi\u0119cier\u017cy na wtorek. [&hellip;]<\/p>\n","protected":false},"author":4,"featured_media":0,"comment_status":"closed","ping_status":"closed","sticky":false,"template":"","format":"standard","meta":{"footnotes":""},"categories":[6],"tags":[],"class_list":["post-1148","post","type-post","status-publish","format-standard","hentry","category-ogloszenia"],"_links":{"self":[{"href":"https:\/\/parafiatokarnia.pl\/index.php?rest_route=\/wp\/v2\/posts\/1148","targetHints":{"allow":["GET"]}}],"collection":[{"href":"https:\/\/parafiatokarnia.pl\/index.php?rest_route=\/wp\/v2\/posts"}],"about":[{"href":"https:\/\/parafiatokarnia.pl\/index.php?rest_route=\/wp\/v2\/types\/post"}],"author":[{"embeddable":true,"href":"https:\/\/parafiatokarnia.pl\/index.php?rest_route=\/wp\/v2\/users\/4"}],"replies":[{"embeddable":true,"href":"https:\/\/parafiatokarnia.pl\/index.php?rest_route=%2Fwp%2Fv2%2Fcomments&post=1148"}],"version-history":[{"count":2,"href":"https:\/\/parafiatokarnia.pl\/index.php?rest_route=\/wp\/v2\/posts\/1148\/revisions"}],"predecessor-version":[{"id":1225,"href":"https:\/\/parafiatokarnia.pl\/index.php?rest_route=\/wp\/v2\/posts\/1148\/revisions\/1225"}],"wp:attachment":[{"href":"https:\/\/parafiatokarnia.pl\/index.php?rest_route=%2Fwp%2Fv2%2Fmedia&parent=1148"}],"wp:term":[{"taxonomy":"category","embeddable":true,"href":"https:\/\/parafiatokarnia.pl\/index.php?rest_route=%2Fwp%2Fv2%2Fcategories&post=1148"},{"taxonomy":"post_tag","embeddable":true,"href":"https:\/\/parafiatokarnia.pl\/index.php?rest_route=%2Fwp%2Fv2%2Ftags&post=1148"}],"curies":[{"name":"wp","href":"https:\/\/api.w.org\/{rel}","templated":true}]}}