{"id":11422,"date":"2024-03-18T07:43:48","date_gmt":"2024-03-18T07:43:48","guid":{"rendered":"https:\/\/parafiatokarnia.pl\/?p=11422"},"modified":"2024-03-18T07:43:48","modified_gmt":"2024-03-18T07:43:48","slug":"18-marca-2024-24-marca-2024","status":"publish","type":"post","link":"https:\/\/parafiatokarnia.pl\/?p=11422","title":{"rendered":"18 marca 2024 &#8211; 24 marca 2024"},"content":{"rendered":"<p>Poniedzia\u0142ek 18 marca 2024<br \/>\n07:00 + Marcin \u017barnowski \u2013 od brata Konrada<br \/>\n18:00 + Marek Jabco\u0144 \u2013 od siostry Marii<\/p>\n<p>Wtorek 19 marca 2024<br \/>\n07:00 W podzi\u0119kowaniu za otrzymane \u0142aski, z pro\u015bb\u0105 o dalsze Bo\u017ce b\u0142ogos\u0142awie\u0144stwo, zdrowie i opiek\u0119 Matki Bo\u017cej \u015anie\u017cnej dla J\u00f3zefa Wrony \u2013 od duszpasterzy<br \/>\n18:00 + J\u00f3zef Hanusiak, J\u00f3zef Pieron, + J\u00f3zef syn<\/p>\n<p>\u015aroda 20 marca 2024<br \/>\n07:00 + Marek Jabco\u0144 \u2013 od brata Zygmunta z rodzin\u0105<br \/>\n18:00 Za Parafian<\/p>\n<p>Czwartek 21 marca 2024<br \/>\n07:00 + J\u00f3zef Piaszczak + J\u00f3zef, syn<br \/>\n18:00 + Marcin \u017barnowski \u2013 od brata Konrada<\/p>\n<p>Pi\u0105tek 22 marca 2024<br \/>\n07:00 + Marcin \u017barnowski \u2013 od brata Konrada<br \/>\n18:00 Za Zmar\u0142ych<\/p>\n<p>Sobota 23 marca 2024<br \/>\n07:00 + Janina P\u0119cek<br \/>\n18:00 + Marcin \u017barnowski \u2013 od brata Konrada<\/p>\n<p>Niedziela 24 marca 2024 \u2013 Niedziela Palmowa<br \/>\n07:00 O nawr\u00f3cenie c\u00f3rki<br \/>\n09:00 + Stanis\u0142aw Romaniak &#8211; 8. rocznica \u015bmierci<br \/>\n11:00 Za Parafian<br \/>\n11:00 + J\u00f3zefa S\u0142onina \u2013 23. rocznica \u015bmierci<br \/>\n15:30 + J\u00f3zefa Kalicka<\/p>\n","protected":false},"excerpt":{"rendered":"<p>Poniedzia\u0142ek 18 marca 2024 07:00 + Marcin \u017barnowski \u2013 od brata Konrada 18:00 + Marek Jabco\u0144 \u2013 od siostry Marii Wtorek 19 marca 2024 07:00 W podzi\u0119kowaniu za otrzymane \u0142aski, z pro\u015bb\u0105 o dalsze Bo\u017ce b\u0142ogos\u0142awie\u0144stwo, zdrowie i opiek\u0119 Matki Bo\u017cej \u015anie\u017cnej dla J\u00f3zefa Wrony \u2013 od duszpasterzy 18:00 + J\u00f3zef Hanusiak, J\u00f3zef Pieron, + [&hellip;]<\/p>\n","protected":false},"author":4,"featured_media":0,"comment_status":"closed","ping_status":"closed","sticky":false,"template":"","format":"standard","meta":{"footnotes":""},"categories":[22],"tags":[],"class_list":["post-11422","post","type-post","status-publish","format-standard","hentry","category-intencje"],"_links":{"self":[{"href":"https:\/\/parafiatokarnia.pl\/index.php?rest_route=\/wp\/v2\/posts\/11422","targetHints":{"allow":["GET"]}}],"collection":[{"href":"https:\/\/parafiatokarnia.pl\/index.php?rest_route=\/wp\/v2\/posts"}],"about":[{"href":"https:\/\/parafiatokarnia.pl\/index.php?rest_route=\/wp\/v2\/types\/post"}],"author":[{"embeddable":true,"href":"https:\/\/parafiatokarnia.pl\/index.php?rest_route=\/wp\/v2\/users\/4"}],"replies":[{"embeddable":true,"href":"https:\/\/parafiatokarnia.pl\/index.php?rest_route=%2Fwp%2Fv2%2Fcomments&post=11422"}],"version-history":[{"count":1,"href":"https:\/\/parafiatokarnia.pl\/index.php?rest_route=\/wp\/v2\/posts\/11422\/revisions"}],"predecessor-version":[{"id":11423,"href":"https:\/\/parafiatokarnia.pl\/index.php?rest_route=\/wp\/v2\/posts\/11422\/revisions\/11423"}],"wp:attachment":[{"href":"https:\/\/parafiatokarnia.pl\/index.php?rest_route=%2Fwp%2Fv2%2Fmedia&parent=11422"}],"wp:term":[{"taxonomy":"category","embeddable":true,"href":"https:\/\/parafiatokarnia.pl\/index.php?rest_route=%2Fwp%2Fv2%2Fcategories&post=11422"},{"taxonomy":"post_tag","embeddable":true,"href":"https:\/\/parafiatokarnia.pl\/index.php?rest_route=%2Fwp%2Fv2%2Ftags&post=11422"}],"curies":[{"name":"wp","href":"https:\/\/api.w.org\/{rel}","templated":true}]}}