{"id":11088,"date":"2023-10-28T08:49:33","date_gmt":"2023-10-28T08:49:33","guid":{"rendered":"https:\/\/parafiatokarnia.pl\/?p=11088"},"modified":"2023-10-28T08:51:59","modified_gmt":"2023-10-28T08:51:59","slug":"30-niedziela-zwykla-2023","status":"publish","type":"post","link":"https:\/\/parafiatokarnia.pl\/?p=11088","title":{"rendered":"30. NIEDZIELA ZWYK\u0141A 2023"},"content":{"rendered":"<p>Dzi\u0119kujemy mieszka\u0144com roli Zagrody za posprz\u0105tanie \u015bwi\u0105tyni, za porz\u0105dki wok\u00f3\u0142 niej i za z\u0142o\u017con\u0105 ofiar\u0119 na ko\u015bci\u00f3\u0142. O przygotowanie ko\u015bcio\u0142a w tym tygodniu prosimy mieszka\u0144c\u00f3w roli Bier\u00f3wki, kt\u00f3r\u0105 podzieli\u015bmy na 3. cz\u0119\u015bci.<\/p>\n<p>Ofiar\u0119 na ko\u015bci\u00f3\u0142 z\u0142o\u017cyli Srebrni Jubilaci Marta i Piotr Czopek oraz chorzy, kt\u00f3rych odwiedzili\u015bmy w ich domach: Ryszard Strzebo\u0144ski, J\u00f3zef Kluska, Stanis\u0142aw Kie\u0142tyka, Magdalena Osielczak, Zofia Flaga, Jadwiga Cudak, Aniela Jamrozik, Eleonora Jamrozik, Michalina Kostecka, W\u0142adys\u0142awa Buda, Genowefa Bier\u00f3wka, Jadwiga S\u0142onina, Marianna P\u0119cek, Janina J\u0119droszak. B\u00f3g zap\u0142a\u0107.<\/p>\n<p>Dzisiaj, p\u00f3\u0142 godziny, przed ka\u017cd\u0105 msz\u0105 \u015bw. mo\u017cna skorzysta\u0107 z Sakramentu Pokuty i Pojednania.<\/p>\n<p>We \u015brod\u0119 wypada Uroczysto\u015b\u0107 Wszystkich \u015awi\u0119tych. Msze \u015bw. w naszym ko\u015bciele o godzinie 7.00, 9.00 i 11.00. <strong>Nie b\u0119dzie mszy \u015bw. godz. 15.30.<\/strong><br \/>\n<strong>O godz. 14.00 (o ile deszcz nie pokrzy\u017cuje nam plan\u00f3w) zostanie odprawiona msza \u015bwi\u0119ta na cmentarzu przy grobach naszych zmar\u0142ych. Po mszy \u015bw. odb\u0119dzie si\u0119 procesja z wypominkami za zmar\u0142ych.<\/strong><\/p>\n<p>Dnia 2 listopada, wspomnienie Wszystkich Wiernych Zmar\u0142ych &#8211; Dzie\u0144 Zaduszny. Msze \u015bw. o godzinie 7.00, 9.00, 18.00 i 19.30.<\/p>\n<p><span style=\"color: #ff0000;\">Wierni, kt\u00f3rzy 1 i 2 listopada nawiedz\u0105 ko\u015bci\u00f3\u0142 mog\u0105 dost\u0105pi\u0107 odpustu zupe\u0142nego, kt\u00f3ry mo\u017ce by\u0107 ofiarowany tylko za zmar\u0142ych. Wed\u0142ug obowi\u0105zuj\u0105cych przepis\u00f3w mog\u0105 uzyska\u0107 ten odpust tylko jeden raz w ci\u0105gu dnia. W czasie nawiedzenia ko\u015bcio\u0142a nale\u017cy odm\u00f3wi\u0107 \u201eOjcze nasz\u201d i \u201eWierz\u0119 w Boga\u201d, oraz trzeba wype\u0142ni\u0107 inne warunki, jak spowied\u017a sakramentalna, Komunia \u015awi\u0119ta i modlitwa wed\u0142ug intencji Ojca \u015awi\u0119tego.<\/span><\/p>\n<p><span style=\"color: #ff0000;\">Wierni, kt\u00f3rzy nawiedz\u0105 pobo\u017cnie cmentarz i przynajmniej w my\u015bli pomodl\u0105 si\u0119 za zmar\u0142ych, zyskuj\u0105 odpust, kt\u00f3ry mo\u017ce by\u0107 ofiarowany za dusze w czy\u015b\u0107cu cierpi\u0105ce: odpust ten w dniach od 1 do 8 listopada (w\u0142\u0105cznie) jest zupe\u0142ny, w inne dni roku \u2013 cz\u0105stkowy.<\/span><\/p>\n<p>Wypominki jednorazowe po\u0142\u0105czone z modlitw\u0105 r\u00f3\u017ca\u0144cow\u0105 za zmar\u0142ych b\u0119dziemy wyczytywa\u0107 do 8 listopada o godz. 17.15 (przed msz\u0105 \u015bw. wieczorn\u0105).<\/p>\n<p>W tym tygodniu przypada pierwszy czwartek, pierwszy pi\u0105tek i pierwsza sobota miesi\u0105ca.<\/p>\n<p>W czwartek Godzina \u015awi\u0119ta od godz. 17.00 msza \u015bw. wotywna o Eucharystii o godz. 18.00. W pi\u0105tek msza \u015bw. wotywna o Naj\u015bwi\u0119tszym Sercu Pana Jezusa o godz. 7.00. Po mszy \u015bw. wystawienie Pana Jezusa i modlitwy pierwszopi\u0105tkowe. Spowied\u017a \u015bwi\u0119ta od godziny 17.00. W sobot\u0119 msza \u015bw. wotywna o Niepokalanym Sercu NMP o godz. 7.00. Po mszy \u015bw. r\u00f3\u017caniec wynagradzaj\u0105cy Matce Naj\u015bwi\u0119tszej za Jej \u0142askawo\u015b\u0107 wobec grzesznik\u00f3w.<\/p>\n<p>Solenizantkom, Solenizantom tego tygodnia; jubilatom \u015bwi\u0119tuj\u0105cym swoje rocznice; nowo\u017ce\u0144com, kt\u00f3rzy wczoraj stan\u0119li na \u015blubnym kobiercu sk\u0142adamy najlepsze \u017cyczenia: wielu Bo\u017cych \u0142ask oraz opieki Pani Tokarskiej na ka\u017cdy dzie\u0144. Wszystkim \u017cyczymy b\u0142ogos\u0142awionej niedzieli i dobrego tygodnia.<\/p>\n","protected":false},"excerpt":{"rendered":"<p>Dzi\u0119kujemy mieszka\u0144com roli Zagrody za posprz\u0105tanie \u015bwi\u0105tyni, za porz\u0105dki wok\u00f3\u0142 niej i za z\u0142o\u017con\u0105 ofiar\u0119 na ko\u015bci\u00f3\u0142. O przygotowanie ko\u015bcio\u0142a w tym tygodniu prosimy mieszka\u0144c\u00f3w roli Bier\u00f3wki, kt\u00f3r\u0105 podzieli\u015bmy na 3. cz\u0119\u015bci. Ofiar\u0119 na ko\u015bci\u00f3\u0142 z\u0142o\u017cyli Srebrni Jubilaci Marta i Piotr Czopek oraz chorzy, kt\u00f3rych odwiedzili\u015bmy w ich domach: Ryszard Strzebo\u0144ski, J\u00f3zef Kluska, Stanis\u0142aw Kie\u0142tyka, [&hellip;]<\/p>\n","protected":false},"author":4,"featured_media":0,"comment_status":"closed","ping_status":"closed","sticky":false,"template":"","format":"standard","meta":{"footnotes":""},"categories":[6],"tags":[],"class_list":["post-11088","post","type-post","status-publish","format-standard","hentry","category-ogloszenia"],"_links":{"self":[{"href":"https:\/\/parafiatokarnia.pl\/index.php?rest_route=\/wp\/v2\/posts\/11088","targetHints":{"allow":["GET"]}}],"collection":[{"href":"https:\/\/parafiatokarnia.pl\/index.php?rest_route=\/wp\/v2\/posts"}],"about":[{"href":"https:\/\/parafiatokarnia.pl\/index.php?rest_route=\/wp\/v2\/types\/post"}],"author":[{"embeddable":true,"href":"https:\/\/parafiatokarnia.pl\/index.php?rest_route=\/wp\/v2\/users\/4"}],"replies":[{"embeddable":true,"href":"https:\/\/parafiatokarnia.pl\/index.php?rest_route=%2Fwp%2Fv2%2Fcomments&post=11088"}],"version-history":[{"count":4,"href":"https:\/\/parafiatokarnia.pl\/index.php?rest_route=\/wp\/v2\/posts\/11088\/revisions"}],"predecessor-version":[{"id":11092,"href":"https:\/\/parafiatokarnia.pl\/index.php?rest_route=\/wp\/v2\/posts\/11088\/revisions\/11092"}],"wp:attachment":[{"href":"https:\/\/parafiatokarnia.pl\/index.php?rest_route=%2Fwp%2Fv2%2Fmedia&parent=11088"}],"wp:term":[{"taxonomy":"category","embeddable":true,"href":"https:\/\/parafiatokarnia.pl\/index.php?rest_route=%2Fwp%2Fv2%2Fcategories&post=11088"},{"taxonomy":"post_tag","embeddable":true,"href":"https:\/\/parafiatokarnia.pl\/index.php?rest_route=%2Fwp%2Fv2%2Ftags&post=11088"}],"curies":[{"name":"wp","href":"https:\/\/api.w.org\/{rel}","templated":true}]}}