{"id":10962,"date":"2023-09-09T07:57:06","date_gmt":"2023-09-09T07:57:06","guid":{"rendered":"https:\/\/parafiatokarnia.pl\/?p=10962"},"modified":"2023-09-09T09:24:57","modified_gmt":"2023-09-09T09:24:57","slug":"23-niedziela-zwykla-2023","status":"publish","type":"post","link":"https:\/\/parafiatokarnia.pl\/?p=10962","title":{"rendered":"23. NIEDZIELA ZWYK\u0141A 2023"},"content":{"rendered":"<p>Dzi\u0119kujemy mieszka\u0144com 1. cz\u0119\u015bci r\u00f3l Szewcy i Kluski za posprz\u0105tanie \u015bwi\u0105tyni, za porz\u0105dki wok\u00f3\u0142 niej i za z\u0142o\u017con\u0105 ofiar\u0119 na ko\u015bci\u00f3\u0142. O przygotowanie ko\u015bcio\u0142a w tym tygodniu prosimy mieszka\u0144c\u00f3w 2. cz\u0119\u015bci tej roli.<\/p>\n<p>Dar materialny na renowacj\u0119 chrzcielnicy z\u0142o\u017cyli per\u0142owi jubilaci: Gra\u017cyna i Wies\u0142aw Filipek.<\/p>\n<p>Ofiar\u0119 na ko\u015bci\u00f3\u0142 z\u0142o\u017cyli narzeczeni: Ewelina Jamrozik i Pawe\u0142 Dziubras; nowo\u017ce\u0144cy: El\u017cbieta i Jan Korze\u0144; cz\u0142onkinie R\u00f3\u017cy R\u00f3\u017ca\u0144cowej Niepokalanego Pocz\u0119cia NMP; Zofia i W\u0142adys\u0142aw Rado\u0144 oraz rodzice Doroty Pi\u0119to\u0144 i Bart\u0142omieja Gajdy z okazji chrztu.<\/p>\n<p>Dzisiaj, rozpoczyna Tydzie\u0144 Wychowania. Tegoroczny, 13. ju\u017c Tydzie\u0144 Wychowania prze\u017cywamy w kontek\u015bcie czasowym dw\u00f3ch wa\u017cnych wydarze\u0144. Pierwszym z nich jest trwaj\u0105cy w Ko\u015bciele powszechnym Synod o synodalno\u015bci. Drug\u0105 dzisiejsza beatyfikacja J\u00f3zefa i Wiktorii Ulm\u00f3w oraz ich siedmiorga dzieci \u2013 polskiej rodziny, kt\u00f3ra zosta\u0142a zamordowana przez \u017candarmeri\u0119 niemieck\u0105 w czasach II wojny \u015bwiatowej za ukrywanie w swoim domu \u017byd\u00f3w.<\/p>\n<p>To wydarzenie bez precedensu, poniewa\u017c po raz pierwszy ca\u0142a rodzina zostanie wyniesiona na o\u0142tarze i pierwszy raz zostanie beatyfikowane dziecko jeszcze nienarodzone. Niech heroiczna postawa mi\u0142o\u015bci wobec bli\u017anich, tej polskiej rodziny pobudzi nas do \u017cycia nie tyle dla w\u0142asnej wygody czy ch\u0119ci posiadania, ale do \u017cycia b\u0119d\u0105cego darem siebie dla innych.<\/p>\n<p>W czwartek \u015bwi\u0119to Podwy\u017cszenia Krzy\u017ca \u015awi\u0119tego. Po ka\u017cdej mszy \u015bw. uca\u0142owanie relikwii.<br \/>\nZ tej racji, w dniu dzisiejszym zapraszamy nasze tokarskie rodziny na godz. 17.00 na Drog\u0119 Krzy\u017cow\u0105 na Urbaniej G\u00f3rze \u2013 Kalwarii Tokarskiej. Przewodnikiem duchowem na tej drodze b\u0119dzie rodzina Ulm\u00f3w \u2013 Samarytan z Markowej. Rozpocz\u0119cie nabo\u017ce\u0144stwa przy 1. stacji.<\/p>\n<p>W czwartek 14. wrze\u015bnia o godz. 21.00 b\u0119dzie msza \u015bw. pod krzy\u017cem w Krzeczowie. Zach\u0119camy rodziny z dzie\u0107mi i m\u0142odzie\u017c\u0105 do wzi\u0119cia udzia\u0142u. Zapisy po mszach \u015bw. w zakrystii.<\/p>\n<p>Przed nami uroczysto\u015b\u0107 \u015bw. Stanis\u0142awa Kostki, patrona dzieci i m\u0142odzie\u017cy. W ramach Triduum: w pi\u0105tek na msz\u0119 \u015bw. o godz. 18.00 zapraszamy kandydat\u00f3w do bierzmowania z klas 7 i 8 razem z rodzicami. Po mszy \u015bw. spotkanie w ko\u015bciele.; w sobot\u0119 na godz. 18.00 zapraszamy dzieci z klas 4, 5 i 6 razem z rodzicami. Po mszy \u015bw. spotkanie w ko\u015bciele.<br \/>\nW niedziel\u0119 na msz\u0119 \u015bw. o godz. 9.00 zapraszamy wszystkie dzieci i m\u0142odzie\u017c. W poniedzia\u0142ek, tj. 18 wrze\u015bnia na godz. 18.00 zapraszamy dzieci z klas 3. przygotowuj\u0105ce si\u0119 do Pierwszej Komunii \u015awi\u0119tej. Po mszy \u015bw. spotkanie w ko\u015bciele.<\/p>\n<p>Z inicjatywy Dekanalnego Duszpasterza Dzieci i M\u0142odzie\u017cy organizowany jest w najbli\u017csz\u0105 sobot\u0119, tj. 16 wrze\u015bnia dla m\u0142odzie\u017cy (starszych ministrant\u00f3w i lektor\u00f3w) wyjazd do Wadowic i Energylandii w Zatorze. Informacje i zapisy po mszach \u015bw. w zakrystii.<\/p>\n<p>W niedziel\u0119 17 wrze\u015bnia br., po raz trzydziesty pierwszy wierni naszej archidiecezji udadz\u0105 si\u0119 do Sanktuarium Pasyjno-Maryjnego w Kalwarii Zebrzydowskiej, aby przed wizerunkiem Matki Bo\u017cej Kalwaryjskiej wyprasza\u0107 potrzebne \u0142aski dla swoich ma\u0142\u017ce\u0144stw i rodzin. <\/p>\n<p>Has\u0142em tegorocznej pielgrzymki s\u0105 s\u0142owa Jana Paw\u0142a II: &#8222;Mi\u0142o\u015b\u0107, kt\u00f3ra jest gotowa odda\u0107 \u017cycie, nie zginie&#8221;, kt\u00f3re s\u0105 tak\u017ce przewodni\u0105 my\u015bl\u0105 peregrynacji relikwii Rodziny Ulm\u00f3w w naszej archidiecezji w roku 2024.<\/p>\n<p>Pielgrzymka Rodzin do Kalwarii Zebrzydowskiej tradycyjnie rozpocznie si\u0119 Drog\u0105 Krzy\u017cow\u0105 o godz. 9.00 przy stacji \u201eu Pi\u0142ata\u201d. Nast\u0119pnie o godz. 11.30 przy o\u0142tarzu polowym zostanie odprawiona Msza \u015bw., kt\u00f3rej b\u0119dzie przewodniczy\u0142 abp Marek J\u0119draszewski, Metropolita Krakowski. Jak co roku Ksi\u0105dz Arcybiskup pob\u0142ogos\u0142awi przyniesione przez pielgrzym\u00f3w ziarno na zasiew.<\/p>\n<p>Liczymy na spotkanie w domu naszej Kalwaryjskiej Pani.<\/p>\n<p>Przypominamy, \u017ce w naszej parafii powstaje wsp\u00f3lnota dla ma\u0142\u017ce\u0144stw, kt\u00f3rej celem jest pomoc ma\u0142\u017conkom w drodze do \u015bwi\u0119to\u015bci.<\/p>\n<p>Zapraszamy rodzic\u00f3w dzieci niepe\u0142nosprawnych do kontaktu z ks. proboszczem w sprawie mo\u017cliwo\u015bci otrzymania dofinansowania do rehabilitacji dziecka w domu czy do wyjazd\u00f3w dzieci na turnusy rehabilitacyjne z opiekunem.<\/p>\n<p>Spotkanie dla kobiet \u201eNa poziomie serca\u201d odb\u0119dzie si\u0119 jutro w O\u015brodku \u015bw. Ojca Pio w Skomielnej Czarnej. W tym miesi\u0105cu konferencj\u0119 wyg\u0142osi b\u0119dzie Beata M\u0105dra, autorka warsztat\u00f3w dla kobiet, wiceprezes Fundacji Wychowanie i Profilaktyka im. Filipa Neri, autorka poradnik\u00f3w dla m\u0142odzie\u017cy. Matka siedmiorga dzieci. Spotkanie rozpocznie msza \u015bw. o godz. 18.00 w ko\u015bciele parafialnym, po niej konferencja i spotkanie przy kawie.<\/p>\n<p>Promuj\u0105c trze\u017awy styl \u017cycia, W\u00f3jt Gminy Tokarnia przypomina, \u017ce w budynku Urz\u0119du Gminy dzia\u0142a Gminna Komisja Rozwi\u0105zywania Problem\u00f3w Alkoholowych, kt\u00f3ra oferuje pomoc osobom oraz rodzinom maj\u0105cym problem z alkoholem. Szczeg\u00f3\u0142y w Urz\u0119dzie Gminy.<\/p>\n<p>Solenizantkom, Solenizantom tego tygodnia; jubilatom \u015bwi\u0119tuj\u0105cym swoje rocznice; nowo\u017ce\u0144com, kt\u00f3rzy wczoraj stan\u0119li na \u015blubnym kobiercu sk\u0142adamy najlepsze \u017cyczenia: wielu Bo\u017cych \u0142ask oraz opieki Pani Tokarskiej na ka\u017cdy dzie\u0144. Wszystkim \u017cyczymy b\u0142ogos\u0142awionej niedzieli i dobrego tygodnia.<\/p>\n","protected":false},"excerpt":{"rendered":"<p>Dzi\u0119kujemy mieszka\u0144com 1. cz\u0119\u015bci r\u00f3l Szewcy i Kluski za posprz\u0105tanie \u015bwi\u0105tyni, za porz\u0105dki wok\u00f3\u0142 niej i za z\u0142o\u017con\u0105 ofiar\u0119 na ko\u015bci\u00f3\u0142. O przygotowanie ko\u015bcio\u0142a w tym tygodniu prosimy mieszka\u0144c\u00f3w 2. cz\u0119\u015bci tej roli. Dar materialny na renowacj\u0119 chrzcielnicy z\u0142o\u017cyli per\u0142owi jubilaci: Gra\u017cyna i Wies\u0142aw Filipek. Ofiar\u0119 na ko\u015bci\u00f3\u0142 z\u0142o\u017cyli narzeczeni: Ewelina Jamrozik i Pawe\u0142 Dziubras; [&hellip;]<\/p>\n","protected":false},"author":4,"featured_media":0,"comment_status":"closed","ping_status":"closed","sticky":false,"template":"","format":"standard","meta":{"footnotes":""},"categories":[6],"tags":[],"class_list":["post-10962","post","type-post","status-publish","format-standard","hentry","category-ogloszenia"],"_links":{"self":[{"href":"https:\/\/parafiatokarnia.pl\/index.php?rest_route=\/wp\/v2\/posts\/10962","targetHints":{"allow":["GET"]}}],"collection":[{"href":"https:\/\/parafiatokarnia.pl\/index.php?rest_route=\/wp\/v2\/posts"}],"about":[{"href":"https:\/\/parafiatokarnia.pl\/index.php?rest_route=\/wp\/v2\/types\/post"}],"author":[{"embeddable":true,"href":"https:\/\/parafiatokarnia.pl\/index.php?rest_route=\/wp\/v2\/users\/4"}],"replies":[{"embeddable":true,"href":"https:\/\/parafiatokarnia.pl\/index.php?rest_route=%2Fwp%2Fv2%2Fcomments&post=10962"}],"version-history":[{"count":5,"href":"https:\/\/parafiatokarnia.pl\/index.php?rest_route=\/wp\/v2\/posts\/10962\/revisions"}],"predecessor-version":[{"id":10971,"href":"https:\/\/parafiatokarnia.pl\/index.php?rest_route=\/wp\/v2\/posts\/10962\/revisions\/10971"}],"wp:attachment":[{"href":"https:\/\/parafiatokarnia.pl\/index.php?rest_route=%2Fwp%2Fv2%2Fmedia&parent=10962"}],"wp:term":[{"taxonomy":"category","embeddable":true,"href":"https:\/\/parafiatokarnia.pl\/index.php?rest_route=%2Fwp%2Fv2%2Fcategories&post=10962"},{"taxonomy":"post_tag","embeddable":true,"href":"https:\/\/parafiatokarnia.pl\/index.php?rest_route=%2Fwp%2Fv2%2Ftags&post=10962"}],"curies":[{"name":"wp","href":"https:\/\/api.w.org\/{rel}","templated":true}]}}