{"id":10815,"date":"2023-07-15T12:25:34","date_gmt":"2023-07-15T12:25:34","guid":{"rendered":"https:\/\/parafiatokarnia.pl\/?p=10815"},"modified":"2023-07-15T12:25:37","modified_gmt":"2023-07-15T12:25:37","slug":"15-niedziela-zwykla-2023","status":"publish","type":"post","link":"https:\/\/parafiatokarnia.pl\/?p=10815","title":{"rendered":"15. NIEDZIELA ZWYK\u0141A 2023"},"content":{"rendered":"<p>W ubieg\u0142ym tygodniu odby\u0142 si\u0119 pogrzeb \u015bp. Wojciecha Ko\u0142odzieja. Pole\u0107my naszego zmar\u0142ego Brata Bo\u017cemu Mi\u0142osierdziu. <\/p>\n<p>Dzi\u0119kujemy mieszka\u0144com 1. cz\u0119\u015bci r\u00f3l Dziubras G\u00f3rny za posprz\u0105tanie \u015bwi\u0105tyni porz\u0105dki wok\u00f3\u0142 niej i za z\u0142o\u017con\u0105 ofiar\u0119 na ko\u015bci\u00f3\u0142. O przygotowanie ko\u015bcio\u0142a w tym tygodniu prosimy mieszka\u0144c\u00f3w 2. cz\u0119\u015bci tej roli. Dzi\u0119kujemy r\u00f3wnie\u017c ks. Krzysztofowi, dw\u00f3m paniom oraz p. Stanis\u0142awowi za obci\u0119cie tui wok\u00f3\u0142 ko\u015bcio\u0142a i plebanii, za prace piel\u0119gnacyjne w ogrodzie parafialnym oraz za przyci\u0119cie bukszpanu.<\/p>\n<p>Dzisiaj przypada wspomnienie NMP z G\u00f3ry Karmel, zwanej Matk\u0105 Bo\u017c\u0105 Szkaplerzn\u0105. W czasie kaza\u0144 dowiedzieli\u015bmy si\u0119 nieco wi\u0119cej o historii szkaplerza i jego sile duchowej. W niedziel\u0119, 30 lipca w naszej wsp\u00f3lnocie b\u0119dzie mo\u017cna przyj\u0105\u0107 szkaplerz podczas ka\u017cdej mszy \u015bw.. Zainteresowanych przyj\u0119ciem szkaplerza zapraszam po mszy \u015bw. do zakrystii.<\/p>\n<p>Dzisiaj tak\u017ce w parafii \u015bw. Wojciecha BM na mszy \u015bw. o godz. 11.00 odb\u0119dzie si\u0119 instalacja nowego proboszcza, ks. dr Alberta Wo\u0142kiewicza. Witamy nowego kap\u0142ana w naszej dekanalnej wsp\u00f3lnocie i \u017cyczymy Bo\u017cego b\u0142ogos\u0142awie\u0144stwa i wszelkich \u0142ask w jego pasterskiej pos\u0142udze.<\/p>\n<p>W sobot\u0119 \u015bwi\u0119to Marii Magdaleny. W niedziel\u0119 odpust w Trzebuni. Suma odpustowa o godz. 11.30.<\/p>\n<p>Za tydzie\u0144, w niedziel\u0119, na mszy \u015bw. o godz. 9.00 b\u0119dziemy poleca\u0107 w modlitwie ks. Krzysztofa z okazji zbli\u017caj\u0105cych si\u0119 imienin.<\/p>\n<p>W nast\u0119pn\u0105 niedziel\u0119, tj. 23 lipca druhny i druhowie z naszej jednostki OSP Tokarnia zapraszaj\u0105 nas na uroczysto\u015bci po\u015bwi\u0119cenia i przekazania lekkiego samochodu rozpoznawczo-ratowniczego oraz ods\u0142oni\u0119cia \u201estudni stra\u017caka\u201d. O godz. 11.00 zostanie odprawiona w intencji stra\u017cak\u00f3w uroczysta msza \u015bwi\u0119ta, po kt\u00f3rej nast\u0105pi oficjalna cz\u0119\u015b\u0107 uroczysto\u015bci na placu przed remiz\u0105.<\/p>\n<p>W nast\u0119pn\u0105 niedziel\u0119, z racji przypadaj\u0105cego w tym tygodniu wspomnienia \u015bw. Krzysztofa, patrona kierowc\u00f3w, po ka\u017cdej mszy \u015bw. b\u0119dzie mia\u0142o miejsce po\u015bwi\u0119cenie pojazd\u00f3w. Warto pami\u0119ta\u0107 o modlitwie do \u015bw. Krzysztofa, zw\u0142aszcza podczas wakacyjnych wyjazd\u00f3w, prosi\u0107 go o opiek\u0119, aby szcz\u0119\u015bliwie i ca\u0142o powr\u00f3ci\u0107 do domu. Niech nam nigdy nie zabraknie rozs\u0105dku i wyobra\u017ani na drodze.<\/p>\n<p>Przypominamy, i\u017c od 1 lipca do czwartku 31 sierpnia &#8211; z racji wakacji &#8211; msze \u015bw. w naszym ko\u015bciele s\u0105 odprawiane: w poniedzia\u0142ki, \u015brody, pi\u0105tki i w soboty tylko wieczorem o godzinie 18.00. We wtorki i czwartki msze \u015bw. tylko rano o godz. 7.00. Okazja do spowiedzi, codziennie, 20 minut przed ka\u017cd\u0105 msz\u0105 \u015bwi\u0119t\u0105. Kancelaria parafialna czynna: poniedzia\u0142ek, po mszy \u015bw. wieczornej; czwartek, po mszy \u015bwi\u0119tej porannej, a w sobot\u0119 od godz. 9.00 do 10.00.<\/p>\n<p>W imieniu Komitetu Organizacyjnego Parafialnego Charytatywnego Pikniku Rodzinnego, zwracamy si\u0119 z uprzejm\u0105 i serdeczn\u0105 pro\u015bb\u0105 o pomoc materialn\u0105 lub rzeczow\u0105 w jego organizacji. Do wyznaczonych cel\u00f3w, kt\u00f3re nam towarzysz\u0105 od pierwszego Pikniku, takich jak: integracja parafialnej wsp\u00f3lnoty oraz aktywny wypoczynek w gronie rodzinnym, do\u0142\u0105czamy kolejny, bardzo wa\u017cny i wielce szczytny cel, jakim jest pomoc dzieciom niepe\u0142nosprawnym z terenu naszej gminy, a zw\u0142aszcza z naszych rodzin, kt\u00f3rymi na co dzie\u0144 zajmuj\u0105 si\u0119 r\u00f3\u017cnego rodzaju instytucje. Wierzymy, \u017ce podczas tegorocznego Pikniku wsp\u00f3lnie pomo\u017cemy naszym dzieciakom w leczeniu, rehabilitacji oraz w sfinansowaniu wyjazd\u00f3w na turnusy rehabilitacyjne.<\/p>\n<p>Og\u0142oszenie, o kt\u00f3re zostali\u015bmy poproszeni: Parafia w Trzebuni organizuje w dniach od 3\u20137 sierpnia pielgrzymk\u0119 do Medjugorie. Szczeg\u00f3\u0142y w parafii w Trzebuni.<\/p>\n<p>Solenizantkom, Solenizantom tego tygodnia, w\u015br\u00f3d kt\u00f3rych jest tak\u017ce ks. Krzysztof; jubilatom \u015bwi\u0119tuj\u0105cym swoje rocznice oraz nowo\u017ce\u0144com, kt\u00f3rzy wczoraj stan\u0119li na \u015blubnym kobiercu, sk\u0142adamy najlepsze \u017cyczenia: wielu Bo\u017cych \u0142ask oraz opieki Pani Tokarskiej na ka\u017cdy dzie\u0144. Wszystkim \u017cyczymy b\u0142ogos\u0142awionej niedzieli; s\u0142onecznych wakacji i dobrego odpoczynku.<\/p>\n","protected":false},"excerpt":{"rendered":"<p>W ubieg\u0142ym tygodniu odby\u0142 si\u0119 pogrzeb \u015bp. Wojciecha Ko\u0142odzieja. Pole\u0107my naszego zmar\u0142ego Brata Bo\u017cemu Mi\u0142osierdziu. Dzi\u0119kujemy mieszka\u0144com 1. cz\u0119\u015bci r\u00f3l Dziubras G\u00f3rny za posprz\u0105tanie \u015bwi\u0105tyni porz\u0105dki wok\u00f3\u0142 niej i za z\u0142o\u017con\u0105 ofiar\u0119 na ko\u015bci\u00f3\u0142. O przygotowanie ko\u015bcio\u0142a w tym tygodniu prosimy mieszka\u0144c\u00f3w 2. cz\u0119\u015bci tej roli. Dzi\u0119kujemy r\u00f3wnie\u017c ks. Krzysztofowi, dw\u00f3m paniom oraz p. Stanis\u0142awowi [&hellip;]<\/p>\n","protected":false},"author":4,"featured_media":0,"comment_status":"closed","ping_status":"closed","sticky":false,"template":"","format":"standard","meta":{"footnotes":""},"categories":[6],"tags":[],"class_list":["post-10815","post","type-post","status-publish","format-standard","hentry","category-ogloszenia"],"_links":{"self":[{"href":"https:\/\/parafiatokarnia.pl\/index.php?rest_route=\/wp\/v2\/posts\/10815","targetHints":{"allow":["GET"]}}],"collection":[{"href":"https:\/\/parafiatokarnia.pl\/index.php?rest_route=\/wp\/v2\/posts"}],"about":[{"href":"https:\/\/parafiatokarnia.pl\/index.php?rest_route=\/wp\/v2\/types\/post"}],"author":[{"embeddable":true,"href":"https:\/\/parafiatokarnia.pl\/index.php?rest_route=\/wp\/v2\/users\/4"}],"replies":[{"embeddable":true,"href":"https:\/\/parafiatokarnia.pl\/index.php?rest_route=%2Fwp%2Fv2%2Fcomments&post=10815"}],"version-history":[{"count":1,"href":"https:\/\/parafiatokarnia.pl\/index.php?rest_route=\/wp\/v2\/posts\/10815\/revisions"}],"predecessor-version":[{"id":10816,"href":"https:\/\/parafiatokarnia.pl\/index.php?rest_route=\/wp\/v2\/posts\/10815\/revisions\/10816"}],"wp:attachment":[{"href":"https:\/\/parafiatokarnia.pl\/index.php?rest_route=%2Fwp%2Fv2%2Fmedia&parent=10815"}],"wp:term":[{"taxonomy":"category","embeddable":true,"href":"https:\/\/parafiatokarnia.pl\/index.php?rest_route=%2Fwp%2Fv2%2Fcategories&post=10815"},{"taxonomy":"post_tag","embeddable":true,"href":"https:\/\/parafiatokarnia.pl\/index.php?rest_route=%2Fwp%2Fv2%2Ftags&post=10815"}],"curies":[{"name":"wp","href":"https:\/\/api.w.org\/{rel}","templated":true}]}}