{"id":10690,"date":"2023-06-03T08:45:24","date_gmt":"2023-06-03T08:45:24","guid":{"rendered":"https:\/\/parafiatokarnia.pl\/?p=10690"},"modified":"2023-06-03T08:45:24","modified_gmt":"2023-06-03T08:45:24","slug":"5-czerwca-2023-do-11-czerwca-2023","status":"publish","type":"post","link":"https:\/\/parafiatokarnia.pl\/?p=10690","title":{"rendered":"5 czerwca 2023 do 11 czerwca 2023"},"content":{"rendered":"<p>Poniedzia\u0142ek 5 czerwca 2023<br \/>\n07:00 + Pawe\u0142 Tajs \u2013 od matki chrzestnej<br \/>\n18:00 + Piotr Lenartek \u2013 od syna Tadeusza<\/p>\n<p>Wtorek 6 czerwca 2023<br \/>\n07:00 + Piotr Lenartek \u2013 od syna Tadeusza<br \/>\n18:00 + Pawe\u0142 Tajs \u2013 od matki chrzestnej<\/p>\n<p>\u015aroda 7 czerwca 2023<br \/>\n07:00 + Pawe\u0142 Tajs \u2013 od kuzynki Bogumi\u0142y z rodzin\u0105<br \/>\n18:00 Za Parafian<\/p>\n<p>Czwartek 8 czerwca 2023 &#8211; Bo\u017ce Cia\u0142o<br \/>\n07:00 W podzi\u0119kowaniu za otrzymane \u0142aski z pro\u015bb\u0105 o b\u0142ogos\u0142awie\u0144stwo Bo\u017ce, dary Ducha \u015awi\u0119tego i opiek\u0119 Matki Bo\u017cej \u015anie\u017cnej dla Karola z okazji 18. rocznicy urodzin<br \/>\n10:00 ZA PARAFIAN<br \/>\n10:00 + Piotr Lenartek \u2013 od c\u00f3rki Zofii z rodzin\u0105<br \/>\n15:30 wolna intencja<\/p>\n<p>Pi\u0105tek 9 czerwca 2023<br \/>\n07:00 + Pawe\u0142 Tajs \u2013 od wujka W\u0142adys\u0142awa<br \/>\n18:00 Za Zmar\u0142ych<\/p>\n<p>Sobota 10 czerwca 2023<br \/>\n07:00 + Piotr Lenartek \u2013 od c\u00f3rki Zofii z rodzin\u0105<br \/>\n18:00 + Pawe\u0142 Tajs \u2013 od wujka Walentego z rodzin\u0105<\/p>\n<p>Niedziela 11 czerwca 2023<br \/>\n07:00 + Stanis\u0142aw Miko\u0142ajczyk (5 rocz. \u015bm.) + Stanis\u0142awa, \u017cona<br \/>\n09:00 + Jan Ci\u0119\u017ckowski + Jadwiga, \u017cona<br \/>\n09:00 + Piotr Lenartek \u2013 od c\u00f3rki Lucyny z rodzin\u0105<br \/>\n11:00 SAKRAMENT BIERZMOWANIA<br \/>\n15:30 + Ludwik Korabik + Anna, \u017cona; oraz zmarli z ca\u0142ej rodziny<\/p>\n","protected":false},"excerpt":{"rendered":"<p>Poniedzia\u0142ek 5 czerwca 2023 07:00 + Pawe\u0142 Tajs \u2013 od matki chrzestnej 18:00 + Piotr Lenartek \u2013 od syna Tadeusza Wtorek 6 czerwca 2023 07:00 + Piotr Lenartek \u2013 od syna Tadeusza 18:00 + Pawe\u0142 Tajs \u2013 od matki chrzestnej \u015aroda 7 czerwca 2023 07:00 + Pawe\u0142 Tajs \u2013 od kuzynki Bogumi\u0142y z rodzin\u0105 18:00 [&hellip;]<\/p>\n","protected":false},"author":4,"featured_media":0,"comment_status":"closed","ping_status":"closed","sticky":false,"template":"","format":"standard","meta":{"footnotes":""},"categories":[22],"tags":[],"class_list":["post-10690","post","type-post","status-publish","format-standard","hentry","category-intencje"],"_links":{"self":[{"href":"https:\/\/parafiatokarnia.pl\/index.php?rest_route=\/wp\/v2\/posts\/10690","targetHints":{"allow":["GET"]}}],"collection":[{"href":"https:\/\/parafiatokarnia.pl\/index.php?rest_route=\/wp\/v2\/posts"}],"about":[{"href":"https:\/\/parafiatokarnia.pl\/index.php?rest_route=\/wp\/v2\/types\/post"}],"author":[{"embeddable":true,"href":"https:\/\/parafiatokarnia.pl\/index.php?rest_route=\/wp\/v2\/users\/4"}],"replies":[{"embeddable":true,"href":"https:\/\/parafiatokarnia.pl\/index.php?rest_route=%2Fwp%2Fv2%2Fcomments&post=10690"}],"version-history":[{"count":1,"href":"https:\/\/parafiatokarnia.pl\/index.php?rest_route=\/wp\/v2\/posts\/10690\/revisions"}],"predecessor-version":[{"id":10691,"href":"https:\/\/parafiatokarnia.pl\/index.php?rest_route=\/wp\/v2\/posts\/10690\/revisions\/10691"}],"wp:attachment":[{"href":"https:\/\/parafiatokarnia.pl\/index.php?rest_route=%2Fwp%2Fv2%2Fmedia&parent=10690"}],"wp:term":[{"taxonomy":"category","embeddable":true,"href":"https:\/\/parafiatokarnia.pl\/index.php?rest_route=%2Fwp%2Fv2%2Fcategories&post=10690"},{"taxonomy":"post_tag","embeddable":true,"href":"https:\/\/parafiatokarnia.pl\/index.php?rest_route=%2Fwp%2Fv2%2Ftags&post=10690"}],"curies":[{"name":"wp","href":"https:\/\/api.w.org\/{rel}","templated":true}]}}