{"id":10546,"date":"2023-03-25T15:34:02","date_gmt":"2023-03-25T15:34:02","guid":{"rendered":"https:\/\/parafiatokarnia.pl\/?p=10546"},"modified":"2023-03-27T11:13:49","modified_gmt":"2023-03-27T11:13:49","slug":"5-niedziela-wielkiego-postu-2023","status":"publish","type":"post","link":"https:\/\/parafiatokarnia.pl\/?p=10546","title":{"rendered":"5. NIEDZIELA WIELKIEGO POSTU 2023"},"content":{"rendered":"<p>Dzi\u0119kujemy mieszka\u0144com r\u00f3l: J\u0105tyki, Domy nad Kacprem, Dzio\u0142ek za posprz\u0105tanie \u015bwi\u0105tyni, porz\u0105dki wok\u00f3\u0142 niej i za z\u0142o\u017con\u0105 ofiar\u0119 na ko\u015bci\u00f3\u0142. O przygotowanie ko\u015bcio\u0142a w tym tygodniu prosimy mieszka\u0144c\u00f3w roli Kie\u0142tyki. <\/p>\n<p>Przed nami Niedziela Palmowa. Je\u015bli wi\u0119c pogoda pozwoli b\u0119dziemy zamiata\u0107, grabi\u0107 i porz\u0105dkowa\u0107 teren wok\u00f3\u0142 ko\u015bcio\u0142a. Uprzejmie prosimy, aby przynie\u015b\u0107 ze sob\u0105 odpowiedni sprz\u0119t ogrodniczy. <\/p>\n<p>W zwi\u0105zku ze zbli\u017caj\u0105c\u0105 si\u0119 Niedziel\u0105 Palmow\u0105, uprzejmie prosimy nasze Parafianki o przygotowanie ko\u015bcio\u0142a na uroczysto\u015b\u0107 oraz udekorowanie palmami tokarskimi o\u0142tarzy i naszej \u015bwi\u0105tyni.<\/p>\n<p>Dzi\u0119kujemy naszym chorym: Marii P\u0119cek, J\u00f3zefowi Klusce, Genowefie Bier\u00f3wce, Bronis\u0142awie Pindel, W\u0142adys\u0142awie Budzie, Anieli Jamrozik, Eleonorze Jamrozik, Michalinie Kosteckiej, J\u00f3zefowi Bier\u00f3wce, Henrykowi Filipkowi, Stefanii Hobot, Janinie J\u0119droszak, Wiktorii Durek, Antoninie \u015aliz, Ludwice Tobolak, Zofii Hanusiak, Annie Wr\u00f3bel, Stanis\u0142awie Hobot, Stanis\u0142awowi Kie\u0142tyce, Rozalii Klusce, Stanis\u0142awie Miko\u0142ajczyk, Ma\u0142gorzacie i Wojciechowi Ko\u0142odziejom, Ryszardowi Stzrebo\u0144skiemu, Stanis\u0142awowi Miko\u0142ajczykowi, Jadwidze Cudak i Zofii Flaga za ofiar\u0119 z\u0142o\u017con\u0105 na ko\u015bci\u00f3\u0142.<\/p>\n<p>Dzi\u0119kujemy Zofii Korabik i Franciszkowi Tobolakowi za po\u015bwi\u0119cony czas i za pomoc w transporcie kap\u0142ana z Komuni\u0105 \u015awi\u0119t\u0105 do chorych.<\/p>\n<p>Dzi\u0119kujemy narzeczonym: Marii Wr\u00f3bel i Adamowi Pioskowi za ofiar\u0119 na ko\u015bci\u00f3\u0142 przy okazji zapowiedzi przed\u015blubnych.<\/p>\n<p>W pi\u0105tek Droga Krzy\u017cowa, o godz. 17.15. O godz. 19.30.<\/p>\n<p>Przez ca\u0142y Wielki Post w ramach parafialnej akcji \u201ePodziel si\u0119 mi\u0142o\u015bci\u0105\u201d sk\u0142adamy do skarbony ja\u0142mu\u017cn\u0119 wielkopostn\u0105, kt\u00f3r\u0105 przeka\u017cemy najbardziej potrzebuj\u0105cym w naszej parafialnej wsp\u00f3lnocie.<\/p>\n<p>Rozpocz\u0119li\u015bmy Parafialne Rekolekcje Wielkopostne, kt\u00f3re dla doros\u0142ych prowadzi o. Nikodem Gdyk, Komisarz Ziemi \u015awi\u0119tej czyli \u201eambasador\u201d na Polsk\u0119 franciszka\u0144skiej Kustodii Ziemi \u015awi\u0119tej. Dla dzieci nauki wyg\u0142osi ks. Miros\u0142aw Kulesa, proboszcz parafii Mi\u0142osierdzia Bo\u017cego w B\u0119ble.<\/p>\n<p>Dzisiaj o godz. 07.00, 9.00, 11.00 \u2013 msza \u015bwi\u0119ta z nauk\u0105 og\u00f3ln\u0105. Spowied\u017a, co najmniej 15 minut przed ka\u017cd\u0105 msz\u0105 \u015bwi\u0119t\u0105.<\/p>\n<p>O godz. 15.00 \u2013 Gorzkie \u017bale z kazaniem pasyjnym. Sk\u0142adka przeznaczona na dekoracj\u0119 i kwiaty do Bo\u017cego Grobu. Bezpo\u015brednio po tym nabo\u017ce\u0144stwie msza \u015bwi\u0119ta z nauk\u0105 og\u00f3ln\u0105.<\/p>\n<p>Po zako\u0144czeniu mszy \u015bwi\u0119tej popo\u0142udniowej, o godzinie 16.30 zapraszamy na koncert kwintetu d\u0119tego \u201eCracow Golden Quintet\u201d, kt\u00f3ry tworz\u0105 m\u0142odzi obiecuj\u0105cy arty\u015bci \u2013 laureaci I i II edycji Mi\u0119dzynarodowego Konkursu Muzyki Polskiej w\u015br\u00f3d nich Natalia Jarz\u0105bek, nasza Parafianka, z kt\u00f3rej kariery jeste\u015bmy bardzo dumni.<\/p>\n<p>Poniedzia\u0142ek, wtorek i \u015broda o godz. 7.00 i 18.00 msze \u015bwi\u0119te z nauk\u0105 og\u00f3ln\u0105.<\/p>\n<p>Poniedzia\u0142ek, wtorek i \u015broda o godz. 15.30 &#8211; nauka dla dzieci z klas: od zer\u00f3wki do 3 klasy, a o godz. 16.30 &#8211; nauka dla dzieci z klas: od 4 klasy do 6 klasy.<\/p>\n<p>Poniedzia\u0142ek, wtorek i \u015broda o godz. 19:30 \u2013 nauka dla m\u0142odzie\u017cy z klas 7 i 8 przygotowuj\u0105cej si\u0119 do bierzmowania oraz ze szk\u00f3\u0142 \u015brednich, studenckiej i pracuj\u0105cej.<\/p>\n<p>We \u015brod\u0119, na mszach \u015bwi\u0119tych \u2013 rano o godz. 7.00 i wieczorem o godz. 18.00 b\u0119dzie zbierana sk\u0142adka z przeznaczeniem na potrzeby duszpasterskie i misyjne naszych rekolekcjonist\u00f3w. Niech b\u0119dzie ona tak\u017ce wyrazem naszej ludzkiej wdzi\u0119czno\u015bci za ich pos\u0142ug\u0119 duszpastersk\u0105 w czasie tegorocznych rekolekcji.<\/p>\n<p>Zbi\u00f3rka wszystkich lektor\u00f3w, ministrant\u00f3w i kandydat\u00f3w w sobot\u0119 o godzinie 10.00. Obecno\u015b\u0107 obowi\u0105zkowa.<\/p>\n<p>Za tydzie\u0144 Niedziela Palmowa. Przed ka\u017cd\u0105 msz\u0105 \u015bwi\u0119t\u0105 &#8211; 30 min. wcze\u015bniej \u2013 b\u0119dziemy mieli okazj\u0119 do spowiedzi przed \u015awi\u0119tami Wielkanocnymi. Zostali zaproszeni spowiednicy z Krakowa, b\u0119dzie ks. Leszek z Wi\u0119ci\u00f3rki, wykorzystajmy okazj\u0119 i nie odk\u0142adajmy spowiedzi na ostatni Wielki Tydzie\u0144, tym bardziej, \u017ce w Triduum Sacrum wszyscy kap\u0142ani s\u0105 przy o\u0142tarzu.<\/p>\n<p>Uroczyste b\u0142ogos\u0142awie\u0144stwo palm i procesja wok\u00f3\u0142 ko\u015bcio\u0142a o godz. 11.00. Uroczystej sumie przewodniczy\u0107 b\u0119dzie ks. pra\u0142at Jan Kabzi\u0144ski, budowniczy Sanktuarium \u015bw. Jana Paw\u0142a II i jego by\u0142y Kustosz. <\/p>\n<p>Zapraszamy: Orkiestr\u0119 D\u0119t\u0105 OSP Tokarnia; naszych druh\u00f3w Stra\u017cak\u00f3w w mundurach galowych; Kliszczak\u00f3w w strojach regionalnych oraz nasze tokarskie rodziny.<\/p>\n<p>Przypominamy, o konkursie fotograficznym oraz o konkursie na Najwy\u017csz\u0105 Palm\u0119 Wielkanocn\u0105 pod patronatem abp. Marka J\u0119draszewskiego, Metropolity Krakowskiego. Palm\u0119 do konkursu zg\u0142aszamy w Niedziel\u0119 Palmow\u0105, przed sum\u0105, od godz. 10.30. Zwyci\u0119zc\u00f3w wy\u0142oni jury, a werdykt poznamy po zako\u0144czeniu uroczysto\u015bci. Na zwyci\u0119zc\u00f3w czekaj\u0105 unikatowe, r\u0119cznie malowane statuetki wykonane przez Zdzis\u0142awa S\u0142onin\u0119, pochodz\u0105cego z Bogdan\u00f3wki cenionego artyst\u0119 ludowego, rze\u017abiarza, malarza i fotografika.<\/p>\n<p>2 kwietnia przypada koleja rocznica odej\u015bcia do domu Ojca Jana Paw\u0142a II. Tak, jak w roku 2005 wyruszyli\u015bcie na szczyt Urbaniej G\u00f3ry, tak i w tym roku chcemy p\u00f3j\u015b\u0107 t\u0105 sam\u0105 drog\u0105, aby nie tylko wyrazi\u0107 nasz\u0105 wdzi\u0119czno\u015b\u0107, ale przede wszystkim stan\u0105\u0107 z odwag\u0105 w obronie tego wielkiego, dot\u0105d niekwestionowanego autorytetu i wyrazi\u0107 nasz sprzeciw wobec niszczenia dobrego imienia Jana Paw\u0142a II.<\/p>\n<p>O godz. 18.00 zapraszamy na Drog\u0119 Krzy\u017cow\u0105 na Urbani\u0105 G\u00f3r\u0119. Rozwa\u017cania i \u015bpiew przygotowa\u0142 i poprowadzi Jan Kluska, przewodnik kalwaryjski. Jan Pawe\u0142 II w sanktuarium kalwaryjskim prosi\u0142 nas, aby\u015bmy si\u0119 za niego modlili za \u017cycia i po \u015bmierci. Wype\u0142nijmy t\u0119 pro\u015bb\u0119 i dajmy \u015bwiadectwo naszej wiary.<\/p>\n<p>Zach\u0119camy do nabywania ostatnich barank\u00f3w na st\u00f3\u0142 wielkanocny oraz prasy katolickiej.<\/p>\n<p>Og\u0142oszenia:<\/p>\n<p>Zarz\u0105d i pi\u0142karze GKS Beskid Tokarnia zapraszaj\u0105 na mecz 14. kolejki my\u015blenickiej A klasy przeciwko dru\u017cynie Hejna\u0142 Krzyszkowice. Pocz\u0105tek spotkania na stadionie Beskidu o godz. 14.00. <\/p>\n<p>Ma\u0142opolski O\u015brodek Doradztwa Rolniczego i So\u0142tys Wsi Tokarnia zapraszaj\u0105 na szkolenie rolnik\u00f3w w dniu 29 marca (\u015broda) do Kliszczackiego Centrum Kultury. Tematami szkole\u0144 b\u0119d\u0105 zmiany w dop\u0142atach rolniczych w 2023 roku oraz bie\u017c\u0105ce informacje z KRUS.<\/p>\n<p>\u015awi\u0119tuj\u0105cym w tym tygodniu dzie\u0144 urodzin, imienin oraz r\u00f3\u017cnego rodzaju rocznice i jubileusze, sk\u0142adamy najlepsze \u017cyczenia. Wszystkim \u017cyczymy pi\u0119knej niedzieli i b\u0142ogos\u0142awionych owoc\u00f3w wielkopostnych rekolekcji.<\/p>\n","protected":false},"excerpt":{"rendered":"<p>Dzi\u0119kujemy mieszka\u0144com r\u00f3l: J\u0105tyki, Domy nad Kacprem, Dzio\u0142ek za posprz\u0105tanie \u015bwi\u0105tyni, porz\u0105dki wok\u00f3\u0142 niej i za z\u0142o\u017con\u0105 ofiar\u0119 na ko\u015bci\u00f3\u0142. O przygotowanie ko\u015bcio\u0142a w tym tygodniu prosimy mieszka\u0144c\u00f3w roli Kie\u0142tyki. Przed nami Niedziela Palmowa. Je\u015bli wi\u0119c pogoda pozwoli b\u0119dziemy zamiata\u0107, grabi\u0107 i porz\u0105dkowa\u0107 teren wok\u00f3\u0142 ko\u015bcio\u0142a. Uprzejmie prosimy, aby przynie\u015b\u0107 ze sob\u0105 odpowiedni sprz\u0119t ogrodniczy. [&hellip;]<\/p>\n","protected":false},"author":4,"featured_media":0,"comment_status":"closed","ping_status":"closed","sticky":false,"template":"","format":"standard","meta":{"footnotes":""},"categories":[6],"tags":[],"class_list":["post-10546","post","type-post","status-publish","format-standard","hentry","category-ogloszenia"],"_links":{"self":[{"href":"https:\/\/parafiatokarnia.pl\/index.php?rest_route=\/wp\/v2\/posts\/10546","targetHints":{"allow":["GET"]}}],"collection":[{"href":"https:\/\/parafiatokarnia.pl\/index.php?rest_route=\/wp\/v2\/posts"}],"about":[{"href":"https:\/\/parafiatokarnia.pl\/index.php?rest_route=\/wp\/v2\/types\/post"}],"author":[{"embeddable":true,"href":"https:\/\/parafiatokarnia.pl\/index.php?rest_route=\/wp\/v2\/users\/4"}],"replies":[{"embeddable":true,"href":"https:\/\/parafiatokarnia.pl\/index.php?rest_route=%2Fwp%2Fv2%2Fcomments&post=10546"}],"version-history":[{"count":4,"href":"https:\/\/parafiatokarnia.pl\/index.php?rest_route=\/wp\/v2\/posts\/10546\/revisions"}],"predecessor-version":[{"id":10553,"href":"https:\/\/parafiatokarnia.pl\/index.php?rest_route=\/wp\/v2\/posts\/10546\/revisions\/10553"}],"wp:attachment":[{"href":"https:\/\/parafiatokarnia.pl\/index.php?rest_route=%2Fwp%2Fv2%2Fmedia&parent=10546"}],"wp:term":[{"taxonomy":"category","embeddable":true,"href":"https:\/\/parafiatokarnia.pl\/index.php?rest_route=%2Fwp%2Fv2%2Fcategories&post=10546"},{"taxonomy":"post_tag","embeddable":true,"href":"https:\/\/parafiatokarnia.pl\/index.php?rest_route=%2Fwp%2Fv2%2Ftags&post=10546"}],"curies":[{"name":"wp","href":"https:\/\/api.w.org\/{rel}","templated":true}]}}