{"id":10443,"date":"2023-02-27T00:01:38","date_gmt":"2023-02-27T00:01:38","guid":{"rendered":"https:\/\/parafiatokarnia.pl\/?p=10443"},"modified":"2023-02-25T14:01:53","modified_gmt":"2023-02-25T14:01:53","slug":"27-lutego-2023-do-05-marca-2023","status":"publish","type":"post","link":"https:\/\/parafiatokarnia.pl\/?p=10443","title":{"rendered":"27 lutego 2023 do 05 marca 2023"},"content":{"rendered":"<p>Poniedzia\u0142ek 27 lutego 2023<br \/>\n07:00 + Anna Barglik \u2013 od siostry Katarzyny z m\u0119\u017cem<br \/>\n18:00 + Zdzis\u0142aw R\u00f3g \u2013 od siostry Beaty z rodzin\u0105<\/p>\n<p>Wtorek 28 lutego 2023<br \/>\n07:00 + Anna Barglik \u2013 od siostry Katarzyny z m\u0119\u017cem<br \/>\n18:00 + Zdzis\u0142aw R\u00f3g \u2013 od brata Romana<\/p>\n<p>\u015aroda 01 marca 2023<br \/>\n07:00 + Zdzis\u0142aw R\u00f3g \u2013 od chrze\u015bnicy Ewy z rodzin\u0105<br \/>\n18:00 Za Parafian<\/p>\n<p>Czwartek 02 marca 2023<br \/>\n07:00 + Zdzis\u0142aw R\u00f3g \u2013 od chrze\u015bniaka Piotra z rodzin\u0105<br \/>\n18:00 Wynagradzaj\u0105ca za grzechy przeciwko Eucharystii<\/p>\n<p>Pi\u0105tek 03 marca 2023<br \/>\n07:00 Wynagradzaj\u0105ca za grzechy przeciwko NSPJ<br \/>\n18:00 Za Zmar\u0142ych<\/p>\n<p>Sobota 04 marca 2023<br \/>\n07:00 Wynagradzaj\u0105ca za grzechy przeciwko Niepokalanemu Sercu NMP<br \/>\n18:00 + Zdzis\u0142aw R\u00f3g \u2013 od siostrzenicy Bernadetty Hajduk z rodzin\u0105<\/p>\n<p>Niedziela 05 marca 2023<br \/>\n07:00 + J\u00f3zef Syrek + J\u00f3zef i + Maria; + Micha\u0142 i + Katarzyna K\u0119dzior<br \/>\n09:00 + Czes\u0142awa (f.) Dyrcz<br \/>\n11:00 O \u0142ask\u0119 nawr\u00f3cenia i wiary dla Justyny<br \/>\n15:30 Za dusze w czy\u015b\u0107cu cierpi\u0105ce<\/p>\n","protected":false},"excerpt":{"rendered":"<p>Poniedzia\u0142ek 27 lutego 2023 07:00 + Anna Barglik \u2013 od siostry Katarzyny z m\u0119\u017cem 18:00 + Zdzis\u0142aw R\u00f3g \u2013 od siostry Beaty z rodzin\u0105 Wtorek 28 lutego 2023 07:00 + Anna Barglik \u2013 od siostry Katarzyny z m\u0119\u017cem 18:00 + Zdzis\u0142aw R\u00f3g \u2013 od brata Romana \u015aroda 01 marca 2023 07:00 + Zdzis\u0142aw R\u00f3g \u2013 [&hellip;]<\/p>\n","protected":false},"author":4,"featured_media":0,"comment_status":"closed","ping_status":"closed","sticky":false,"template":"","format":"standard","meta":{"footnotes":""},"categories":[22],"tags":[],"class_list":["post-10443","post","type-post","status-publish","format-standard","hentry","category-intencje"],"_links":{"self":[{"href":"https:\/\/parafiatokarnia.pl\/index.php?rest_route=\/wp\/v2\/posts\/10443","targetHints":{"allow":["GET"]}}],"collection":[{"href":"https:\/\/parafiatokarnia.pl\/index.php?rest_route=\/wp\/v2\/posts"}],"about":[{"href":"https:\/\/parafiatokarnia.pl\/index.php?rest_route=\/wp\/v2\/types\/post"}],"author":[{"embeddable":true,"href":"https:\/\/parafiatokarnia.pl\/index.php?rest_route=\/wp\/v2\/users\/4"}],"replies":[{"embeddable":true,"href":"https:\/\/parafiatokarnia.pl\/index.php?rest_route=%2Fwp%2Fv2%2Fcomments&post=10443"}],"version-history":[{"count":1,"href":"https:\/\/parafiatokarnia.pl\/index.php?rest_route=\/wp\/v2\/posts\/10443\/revisions"}],"predecessor-version":[{"id":10444,"href":"https:\/\/parafiatokarnia.pl\/index.php?rest_route=\/wp\/v2\/posts\/10443\/revisions\/10444"}],"wp:attachment":[{"href":"https:\/\/parafiatokarnia.pl\/index.php?rest_route=%2Fwp%2Fv2%2Fmedia&parent=10443"}],"wp:term":[{"taxonomy":"category","embeddable":true,"href":"https:\/\/parafiatokarnia.pl\/index.php?rest_route=%2Fwp%2Fv2%2Fcategories&post=10443"},{"taxonomy":"post_tag","embeddable":true,"href":"https:\/\/parafiatokarnia.pl\/index.php?rest_route=%2Fwp%2Fv2%2Ftags&post=10443"}],"curies":[{"name":"wp","href":"https:\/\/api.w.org\/{rel}","templated":true}]}}