{"id":10390,"date":"2023-02-06T00:13:10","date_gmt":"2023-02-06T00:13:10","guid":{"rendered":"https:\/\/parafiatokarnia.pl\/?p=10390"},"modified":"2023-02-08T18:57:32","modified_gmt":"2023-02-08T18:57:32","slug":"6-lutego-2023-do-12-lutego-2023","status":"publish","type":"post","link":"https:\/\/parafiatokarnia.pl\/?p=10390","title":{"rendered":"6 lutego 2023 do 12 lutego 2023"},"content":{"rendered":"<p>Poniedzia\u0142ek 6 lutego 2023<br \/>\n07:00 + Genowefa Gwi\u017cd\u017c \u2013 od brata Mieczys\u0142awa z \u017con\u0105<br \/>\n18:00 + Zdzis\u0142aw R\u00f3g \u2013 od \u017cony<\/p>\n<p>Wtorek 7 lutego 2023<br \/>\n07:00 + Zdzis\u0142aw R\u00f3g \u2013 od \u017cony<br \/>\n18:00 + Genowefa Gwi\u017cd\u017c \u2013 od brata Mieczys\u0142awa z \u017con\u0105<\/p>\n<p>\u015aroda 8 lutego 2023<br \/>\n07:00 + Genowefa Gwi\u017cd\u017c \u2013 od brata Jana z rodzin\u0105<br \/>\n18:00 Za Parafian<\/p>\n<p>Czwartek 9 lutego 2023<br \/>\n07:00 + Zdzis\u0142aw R\u00f3g \u2013 od syna Mariusza<br \/>\n18:00 + Genowefa Gwi\u017cd\u017c \u2013 od syna Andrzeja z rodzin\u0105<\/p>\n<p>Pi\u0105tek 10 lutego 2023<br \/>\n07:00 + Genowefa Gwi\u017cd\u017c \u2013 od syna Andrzeja z rodzin\u0105<br \/>\n18:00 Za Zmar\u0142ych<\/p>\n<p>Sobota 11 lutego 2023<br \/>\n07:00 + Zdzis\u0142aw R\u00f3g \u2013 od c\u00f3rki Pauliny<br \/>\n18:00 + Genowefa Gwi\u017cd\u017c \u2013 od syna Stanis\u0142awa z \u017con\u0105<\/p>\n<p>Niedziela 12 lutego 2023<br \/>\n07:00 + J\u00f3zef Hobot + Zofia, \u017cona<br \/>\n09:00 + Stanis\u0142aw P\u0119cek + Ludwika, \u017cona<br \/>\n11:00 + Ludwik Zi\u0119ba \u2013 15. rocznica \u015bmierci<br \/>\n15:30 + Mieczys\u0142aw Jamrozik<\/p>\n","protected":false},"excerpt":{"rendered":"<p>Poniedzia\u0142ek 6 lutego 2023 07:00 + Genowefa Gwi\u017cd\u017c \u2013 od brata Mieczys\u0142awa z \u017con\u0105 18:00 + Zdzis\u0142aw R\u00f3g \u2013 od \u017cony Wtorek 7 lutego 2023 07:00 + Zdzis\u0142aw R\u00f3g \u2013 od \u017cony 18:00 + Genowefa Gwi\u017cd\u017c \u2013 od brata Mieczys\u0142awa z \u017con\u0105 \u015aroda 8 lutego 2023 07:00 + Genowefa Gwi\u017cd\u017c \u2013 od brata Jana z [&hellip;]<\/p>\n","protected":false},"author":4,"featured_media":0,"comment_status":"closed","ping_status":"closed","sticky":false,"template":"","format":"standard","meta":{"footnotes":""},"categories":[22],"tags":[],"class_list":["post-10390","post","type-post","status-publish","format-standard","hentry","category-intencje"],"_links":{"self":[{"href":"https:\/\/parafiatokarnia.pl\/index.php?rest_route=\/wp\/v2\/posts\/10390","targetHints":{"allow":["GET"]}}],"collection":[{"href":"https:\/\/parafiatokarnia.pl\/index.php?rest_route=\/wp\/v2\/posts"}],"about":[{"href":"https:\/\/parafiatokarnia.pl\/index.php?rest_route=\/wp\/v2\/types\/post"}],"author":[{"embeddable":true,"href":"https:\/\/parafiatokarnia.pl\/index.php?rest_route=\/wp\/v2\/users\/4"}],"replies":[{"embeddable":true,"href":"https:\/\/parafiatokarnia.pl\/index.php?rest_route=%2Fwp%2Fv2%2Fcomments&post=10390"}],"version-history":[{"count":3,"href":"https:\/\/parafiatokarnia.pl\/index.php?rest_route=\/wp\/v2\/posts\/10390\/revisions"}],"predecessor-version":[{"id":10403,"href":"https:\/\/parafiatokarnia.pl\/index.php?rest_route=\/wp\/v2\/posts\/10390\/revisions\/10403"}],"wp:attachment":[{"href":"https:\/\/parafiatokarnia.pl\/index.php?rest_route=%2Fwp%2Fv2%2Fmedia&parent=10390"}],"wp:term":[{"taxonomy":"category","embeddable":true,"href":"https:\/\/parafiatokarnia.pl\/index.php?rest_route=%2Fwp%2Fv2%2Fcategories&post=10390"},{"taxonomy":"post_tag","embeddable":true,"href":"https:\/\/parafiatokarnia.pl\/index.php?rest_route=%2Fwp%2Fv2%2Ftags&post=10390"}],"curies":[{"name":"wp","href":"https:\/\/api.w.org\/{rel}","templated":true}]}}