{"id":10242,"date":"2022-11-27T05:20:17","date_gmt":"2022-11-27T05:20:17","guid":{"rendered":"https:\/\/parafiatokarnia.pl\/?p=10242"},"modified":"2022-11-27T05:20:40","modified_gmt":"2022-11-27T05:20:40","slug":"1-niedziela-adwentu-2022","status":"publish","type":"post","link":"https:\/\/parafiatokarnia.pl\/?p=10242","title":{"rendered":"1. NIEDZIELA ADWENTU 2022"},"content":{"rendered":"<p align=\"JUSTIFY\"><span style=\"font-size: medium;\">Wczoraj odby\u0142 si\u0119 pogrzeb \u015bp. Stanis\u0142awa Kawo\u0144czyka. Pole\u0107my naszego Zmar\u0142ego Brata Bo\u017cemu Mi\u0142osierdziu.<\/span><\/p>\n<p align=\"JUSTIFY\"><span style=\"font-size: medium;\">Dzi\u0119kujemy mieszka\u0144com roli Przymiarki za posprz\u0105tanie \u015bwi\u0105tyni, porz\u0105dki wok\u00f3\u0142 niej i za z\u0142o\u017con\u0105 ofiar\u0119 na ko\u015bci\u00f3\u0142. O przygotowanie ko\u015bcio\u0142a w tym tygodniu prosimy mieszka\u0144c\u00f3w r\u00f3l: Florki, Na Wysokiej, Barnasi\u00f3wka, Za G\u00f3r\u0105 i Morgi.<\/span><\/p>\n<p align=\"JUSTIFY\"><span style=\"color: #000000;\"><span style=\"font-family: Cambria, serif;\"><span style=\"font-size: medium;\">Dzisiaj, we wszystkich ko\u015bcio\u0142ach w Polsce modlimy si\u0119 w intencji sprawiedliwego pokoju w Ukrainie oraz w intencji wszystkich ofiar Wielkiego G\u0142odu na Ukrainie, jednej z najokrutniejszych zbrodni dokonanych przez re\u017cim sowiecki<\/span><\/span><\/span><\/p>\n<p align=\"JUSTIFY\"><span style=\"font-size: medium;\">Rozpoczyna si\u0119 Adwent. W tym roku dzieci podczas adwentowych Rorat poprowadzi posta\u0107 wyj\u0105tkowa: \u015bw. Joachim, ojciec Maryi i dziadek Jezusa. Razem z nim b\u0119dziemy poznawa\u0107 bohater\u00f3w historii zbawienia \u2013 ludzi, kt\u00f3rzy w ci\u0105gu wiek\u00f3w czekali na obiecanego przez Pana Boga Mesjasza i prorok\u00f3w, kt\u00f3rzy zapowiadali Jego przyj\u015bcie. Roraty o godzinie 18:00.<\/span><\/p>\n<p align=\"JUSTIFY\"><span style=\"font-size: medium;\">Dzi\u0119kujemy Zofii Korabik oraz Sylwii Mirowskiej za przygotowanie i aran\u017cacj\u0119 dekoracji adwentowej oraz Stanis\u0142awowi Nawarze za pomoc przy jej monta\u017cu.<\/span><\/p>\n<p align=\"JUSTIFY\"><span style=\"font-size: medium;\">Na mszy \u015bw. o godz. 11.00 nast\u0105pi uroczyste zaprzysi\u0119\u017cenie cz\u0142onk\u00f3w Duszpasterskiej Rady Parafialnej.<\/span><\/p>\n<p align=\"JUSTIFY\"><span style=\"font-size: medium;\">W pi\u0105tek zapraszamy na msz\u0119 \u015bwi\u0119t\u0105 o godz. 18:00 kandydat\u00f3w do bierzmowania z klas 7. i 8. Po mszy \u015bw. spotkanie organizacyjne.<\/span><\/p>\n<p align=\"JUSTIFY\"><span style=\"font-size: medium;\">Za tydzie\u0144, w 2. Niedziel\u0119 Adwentu obchodzi\u0107 b\u0119dziemy Dzie\u0144 modlitwy i pomocy materialnej Ko\u015bcio\u0142owi na Wschodzie, kt\u00f3remu w tym roku towarzyszy has\u0142o: \u201ePos\u0142ani w pokoju Chrystusa\u201d. Po mszach \u015bwi\u0119tych dobrowolne ofiary sk\u0142adane do puszek wespr\u0105 Ko\u015bci\u00f3\u0142 katolicki w Krajach Europy Wschodniej i Azji \u015arodkowej. <\/span><\/p>\n<p align=\"JUSTIFY\"><span style=\"font-size: medium;\">Po ka\u017cdej mszy \u015bw. pob\u0142ogos\u0142awimy op\u0142atki, kt\u00f3rymi b\u0119dziemy si\u0119 dzieli\u0107 podczas wieczerzy wigilijnej. Op\u0142atki mo\u017cna nabywa\u0107 w zakrystii, a sk\u0142adane przy tej okazji ofiary niech b\u0119d\u0105 wyrazem naszej wdzi\u0119czno\u015bci, a przy okazji form\u0105 gratyfikacji dla S\u0142u\u017cby Ko\u015bcielnej za ca\u0142oroczn\u0105 pos\u0142ug\u0119 w naszej parafii. <\/span><\/p>\n<p align=\"JUSTIFY\"><span style=\"font-size: medium;\">Niebawem b\u0119d\u0105 do nabycia tak\u017ce \u015bwiece \u201eWigilijne Dzie\u0142o Pomocy Dzieciom\u201d. W tym roku, z racji inflacji koszt \u015bwiecy adwentowej, jaki parafia musi odprowadzi\u0107 do Caritas Archidiecezji Krakowskiej to 10 z\u0142.<\/span><\/p>\n<p align=\"JUSTIFY\"><span style=\"font-size: medium;\">W najbli\u017csz\u0105 niedziel\u0119, tj. 4. grudnia, w imieniu Zespo\u0142u Regionalnego Krwiodawstwa z My\u015blenic oraz wszystkich, kt\u00f3rzy czekaj\u0105 i potrzebuj\u0105 krwi w trakcie swojego leczenia zapraszamy do przychodni w Krzczonowie w godzinach od 8:00 do 12:00 do udzia\u0142u w cyklicznej akcji \u201eTwoja krew moje \u017cycie\u201d. <\/span><\/p>\n<p align=\"JUSTIFY\"><span style=\"font-size: medium;\">W\u00f3jt Gminy Tokarnia informuje, \u017ce od 29 listopada 2022 r. (od wtorku) mo\u017cna b\u0119dzie sk\u0142ada\u0107 wnioski o zakup w\u0119gla po preferencyjnych cenach w Urz\u0119dzie Gminy na dziennik podawczy lub przez internet za po\u015brednictwem platformy E-PUAP. Zakup w\u0119gla po preferencyjnych cenach przys\u0142uguje osobom, kt\u00f3re zadeklarowa\u0142y piec na w\u0119giel, dosta\u0142y dodatek w\u0119glowy lub im przys\u0142uguje oraz nie zakupi\u0142y w\u0119gla w ni\u017cszej cenie przez internet w sklepie PGG.<\/span><\/p>\n<p align=\"JUSTIFY\"><span style=\"font-size: medium;\">Wszystkim \u015bwi\u0119tuj\u0105cym w tym tygodniu dzie\u0144 urodzin, imienin oraz r\u00f3\u017cnego rodzaju rocznice i jubileusze, nowo\u017ce\u0144com, kt\u00f3rzy wczoraj stan\u0119li na \u015blubnym kobiercu, sk\u0142adamy najlepsze \u017cyczenia. <\/span><\/p>\n<p><span style=\"font-size: medium;\">Wszystkim Go\u015bciom i Parafianom, b\u0142ogos\u0142awionej niedzieli i owocnego tygodnia.<\/span><\/p>\n","protected":false},"excerpt":{"rendered":"<p>Wczoraj odby\u0142 si\u0119 pogrzeb \u015bp. Stanis\u0142awa Kawo\u0144czyka. Pole\u0107my naszego Zmar\u0142ego Brata Bo\u017cemu Mi\u0142osierdziu. Dzi\u0119kujemy mieszka\u0144com roli Przymiarki za posprz\u0105tanie \u015bwi\u0105tyni, porz\u0105dki wok\u00f3\u0142 niej i za z\u0142o\u017con\u0105 ofiar\u0119 na ko\u015bci\u00f3\u0142. O przygotowanie ko\u015bcio\u0142a w tym tygodniu prosimy mieszka\u0144c\u00f3w r\u00f3l: Florki, Na Wysokiej, Barnasi\u00f3wka, Za G\u00f3r\u0105 i Morgi. Dzisiaj, we wszystkich ko\u015bcio\u0142ach w Polsce modlimy si\u0119 w [&hellip;]<\/p>\n","protected":false},"author":4,"featured_media":0,"comment_status":"closed","ping_status":"closed","sticky":false,"template":"","format":"standard","meta":{"footnotes":""},"categories":[6],"tags":[],"class_list":["post-10242","post","type-post","status-publish","format-standard","hentry","category-ogloszenia"],"_links":{"self":[{"href":"https:\/\/parafiatokarnia.pl\/index.php?rest_route=\/wp\/v2\/posts\/10242","targetHints":{"allow":["GET"]}}],"collection":[{"href":"https:\/\/parafiatokarnia.pl\/index.php?rest_route=\/wp\/v2\/posts"}],"about":[{"href":"https:\/\/parafiatokarnia.pl\/index.php?rest_route=\/wp\/v2\/types\/post"}],"author":[{"embeddable":true,"href":"https:\/\/parafiatokarnia.pl\/index.php?rest_route=\/wp\/v2\/users\/4"}],"replies":[{"embeddable":true,"href":"https:\/\/parafiatokarnia.pl\/index.php?rest_route=%2Fwp%2Fv2%2Fcomments&post=10242"}],"version-history":[{"count":1,"href":"https:\/\/parafiatokarnia.pl\/index.php?rest_route=\/wp\/v2\/posts\/10242\/revisions"}],"predecessor-version":[{"id":10243,"href":"https:\/\/parafiatokarnia.pl\/index.php?rest_route=\/wp\/v2\/posts\/10242\/revisions\/10243"}],"wp:attachment":[{"href":"https:\/\/parafiatokarnia.pl\/index.php?rest_route=%2Fwp%2Fv2%2Fmedia&parent=10242"}],"wp:term":[{"taxonomy":"category","embeddable":true,"href":"https:\/\/parafiatokarnia.pl\/index.php?rest_route=%2Fwp%2Fv2%2Fcategories&post=10242"},{"taxonomy":"post_tag","embeddable":true,"href":"https:\/\/parafiatokarnia.pl\/index.php?rest_route=%2Fwp%2Fv2%2Ftags&post=10242"}],"curies":[{"name":"wp","href":"https:\/\/api.w.org\/{rel}","templated":true}]}}