{"id":10224,"date":"2022-11-19T20:25:01","date_gmt":"2022-11-19T20:25:01","guid":{"rendered":"https:\/\/parafiatokarnia.pl\/?p=10224"},"modified":"2022-11-20T10:00:01","modified_gmt":"2022-11-20T10:00:01","slug":"34-niedziela-zwykla-uroczystosc-chrystusa-krola","status":"publish","type":"post","link":"https:\/\/parafiatokarnia.pl\/?p=10224","title":{"rendered":"34. NIEDZIELA ZWYK\u0141A UROCZYSTO\u015a\u0106 CHRYSTUSA KR\u00d3LA"},"content":{"rendered":"<p>Dzi\u0119kujemy mieszka\u0144com roli Tarn\u00f3w za posprz\u0105tanie \u015bwi\u0105tyni, porz\u0105dki wok\u00f3\u0142 niej i za z\u0142o\u017con\u0105 ofiar\u0119 na ko\u015bci\u00f3\u0142. O przygotowanie ko\u015bcio\u0142a w tym tygodniu prosimy mieszka\u0144c\u00f3w roli Przymiarki.<\/p>\n<p>Dzi\u0119kujemy p. Stanis\u0142awowi Pindlowi za wykonanie podstawy pod o\u015bwietlenie Figury Matki Bo\u017cej, jak r\u00f3wnie\u017c prace porz\u0105dkowe wykonane bezinteresowanie przy plebanii oraz p. Michalinie Klimas, p. Ma\u0142gorzacie Dziubras za pomoc w pracach w ogrodzie parafialnym.<\/p>\n<p>Dzisiaj wypada Uroczysto\u015b\u0107 Jezusa Chrystusa Kr\u00f3la Wszech\u015bwiata. To ostatnia niedziela przed Adwentem. Na mszy \u015bwi\u0119tej o godzinie 9:00 (b\u0119dzie) mia\u0142 miejsce obrz\u0119d przyj\u0119cia nowych, sze\u015bciu cz\u0142onk\u00f3w do Stra\u017cy Honorowej NSPJ.  Po mszy \u015bw. o godz 11.00 wystawienie Naj\u015bwi\u0119tszego Sakramentu, litania do Naj\u015bwi\u0119tszego Serca Pana Jezusa i akt po\u015bwi\u0119cenia rodzaju ludzkiego Chrystusowi Kr\u00f3lowi Wszech\u015bwiata. <\/p>\n<p>Z racji trzeciej niedzieli miesi\u0105ca, sk\u0142adka inwestycyjna przeznaczona na utrzymanie naszej \u015bwi\u0105tyni. <\/p>\n<p>W nast\u0119pn\u0105 niedziel\u0119 rozpoczniemy Adwent. Na mszy \u015bwi\u0119tej o godzinie 11.00 nast\u0105pi uroczyste zaprzysi\u0119\u017cenie cz\u0142onk\u00f3w Duszpasterskiej Rady Parafialnej.<\/p>\n<p>Oczekiwanie \u2013 w tym s\u0142owie streszcza si\u0119 najg\u0142\u0119bszy sens Adwentu. W tym roku dzieci podczas adwentowych Rorat poprowadzi posta\u0107 wyj\u0105tkowa: \u015bw. Joachim, ojciec Maryi i dziadek Jezusa. Razem z nim b\u0119dziemy poznawa\u0107 bohater\u00f3w historii zbawienia \u2013 ludzi, kt\u00f3rzy w ci\u0105gu wiek\u00f3w czekali na obiecanego przez Pana Boga Mesjasza i prorok\u00f3w, kt\u00f3rzy zapowiadali Jego przyj\u015bcie.<\/p>\n<p>W bie\u017c\u0105cym roku przypada 90. rocznica Wielkiego G\u0142odu na Ukrainie, jednej z najokrutniejszych zbrodni dokonanych przez re\u017cim sowiecki, kt\u00f3rej kulminacja przypad\u0142a na lata 1932-1933. Ludob\u00f3jstwo dokonane przez Rosj\u0119 poch\u0142on\u0119\u0142o \u2013 wg r\u00f3\u017cnych szacunk\u00f3w \u2013 od 3 do 10 mln ofiar, w tym r\u00f3wnie\u017c Polak\u00f3w. W przysz\u0142\u0105 niedziel\u0119 \u2013 we wszystkich ko\u015bcio\u0142ach w Polsce \u2013 pragniemy modli\u0107 si\u0119 w intencji sprawiedliwego pokoju w Ukrainie oraz w intencji wszystkich ofiar tamtej zbrodni.<\/p>\n<p>Zach\u0119camy do czytania prasy katolickiej. <\/p>\n<p>Wszystkim \u015bwi\u0119tuj\u0105cym w tym tygodniu dzie\u0144 urodzin, imienin oraz r\u00f3\u017cnego rodzaju rocznice i jubileusze, sk\u0142adamy najlepsze \u017cyczenia. Niech B\u00f3g otacza was swoj\u0105 opiek\u0105 na drogach codzienno\u015bci, obdarza rado\u015bci\u0105 i pokojem oraz umacnia w trudach i przeciwno\u015bciach.<\/p>\n<p>B\u0142ogos\u0142awionej niedzieli i owocnego tygodnia.<\/p>\n","protected":false},"excerpt":{"rendered":"<p>Dzi\u0119kujemy mieszka\u0144com roli Tarn\u00f3w za posprz\u0105tanie \u015bwi\u0105tyni, porz\u0105dki wok\u00f3\u0142 niej i za z\u0142o\u017con\u0105 ofiar\u0119 na ko\u015bci\u00f3\u0142. O przygotowanie ko\u015bcio\u0142a w tym tygodniu prosimy mieszka\u0144c\u00f3w roli Przymiarki. Dzi\u0119kujemy p. Stanis\u0142awowi Pindlowi za wykonanie podstawy pod o\u015bwietlenie Figury Matki Bo\u017cej, jak r\u00f3wnie\u017c prace porz\u0105dkowe wykonane bezinteresowanie przy plebanii oraz p. Michalinie Klimas, p. Ma\u0142gorzacie Dziubras za pomoc [&hellip;]<\/p>\n","protected":false},"author":4,"featured_media":0,"comment_status":"closed","ping_status":"closed","sticky":false,"template":"","format":"standard","meta":{"footnotes":""},"categories":[6],"tags":[],"class_list":["post-10224","post","type-post","status-publish","format-standard","hentry","category-ogloszenia"],"_links":{"self":[{"href":"https:\/\/parafiatokarnia.pl\/index.php?rest_route=\/wp\/v2\/posts\/10224","targetHints":{"allow":["GET"]}}],"collection":[{"href":"https:\/\/parafiatokarnia.pl\/index.php?rest_route=\/wp\/v2\/posts"}],"about":[{"href":"https:\/\/parafiatokarnia.pl\/index.php?rest_route=\/wp\/v2\/types\/post"}],"author":[{"embeddable":true,"href":"https:\/\/parafiatokarnia.pl\/index.php?rest_route=\/wp\/v2\/users\/4"}],"replies":[{"embeddable":true,"href":"https:\/\/parafiatokarnia.pl\/index.php?rest_route=%2Fwp%2Fv2%2Fcomments&post=10224"}],"version-history":[{"count":2,"href":"https:\/\/parafiatokarnia.pl\/index.php?rest_route=\/wp\/v2\/posts\/10224\/revisions"}],"predecessor-version":[{"id":10226,"href":"https:\/\/parafiatokarnia.pl\/index.php?rest_route=\/wp\/v2\/posts\/10224\/revisions\/10226"}],"wp:attachment":[{"href":"https:\/\/parafiatokarnia.pl\/index.php?rest_route=%2Fwp%2Fv2%2Fmedia&parent=10224"}],"wp:term":[{"taxonomy":"category","embeddable":true,"href":"https:\/\/parafiatokarnia.pl\/index.php?rest_route=%2Fwp%2Fv2%2Fcategories&post=10224"},{"taxonomy":"post_tag","embeddable":true,"href":"https:\/\/parafiatokarnia.pl\/index.php?rest_route=%2Fwp%2Fv2%2Ftags&post=10224"}],"curies":[{"name":"wp","href":"https:\/\/api.w.org\/{rel}","templated":true}]}}