{"id":10045,"date":"2022-10-02T16:09:37","date_gmt":"2022-10-02T16:09:37","guid":{"rendered":"https:\/\/parafiatokarnia.pl\/?p=10045"},"modified":"2022-10-02T16:10:23","modified_gmt":"2022-10-02T16:10:23","slug":"27-niedziela-zwykla-2022","status":"publish","type":"post","link":"https:\/\/parafiatokarnia.pl\/?p=10045","title":{"rendered":"27 NIEDZIELA ZWYK\u0141A 2022"},"content":{"rendered":"<p>Dzi\u0119kujemy mieszka\u0144com 1. cz\u0119\u015bci r\u00f3l Hoboty i Gwi\u017cd\u017ce za posprz\u0105tanie \u015bwi\u0105tyni oraz porz\u0105dki wok\u00f3\u0142 niej. O przygotowanie ko\u015bcio\u0142a w tym tygodniu prosimy mieszka\u0144c\u00f3w  2. cz\u0119\u015bci tych r\u00f3l.<\/p>\n<p>Ofiar\u0119 na ko\u015bci\u00f3\u0142 z\u0142o\u017cyli rodzice Piotra Zaj\u0105ca przy okazji chrztu dziecka.<\/p>\n<p>Wczoraj rozpocz\u0119li\u015bmy w naszej wsp\u00f3lnocie nabo\u017ce\u0144stwa r\u00f3\u017ca\u0144cowe. B\u0119dziemy je odprawia\u0107 codziennie o godz. 17.15, a w niedziel\u0119 o godz. 15.00. Zapraszamy dzieci, m\u0142odzie\u017c i doros\u0142ych. Postarajmy si\u0119, aby w tym pi\u0119knym nabo\u017ce\u0144stwie uczestniczy\u0142a przynajmniej jeden raz ca\u0142a rodzina. <\/p>\n<p>W \u015brody pa\u017adziernika Nowenna do Matki Bo\u017cej Nieustaj\u0105cej Pomocy b\u0119dzie odprawiana przed msz\u0105 \u015bw. wieczorn\u0105.<\/p>\n<p>W tym tygodniu wypada pierwszy czwartek i pierwszy pi\u0105tek miesi\u0105ca. W czwartek Godzina \u015awi\u0119ta o 16.30 i spowied\u017a \u015bw. Zapraszamy zw\u0142aszcza dzieci z klas 4 i kandydat\u00f3w do bierzmowania z klas 7 i 8. <\/p>\n<p>W pi\u0105tek msza \u015bw. wynagradzaj\u0105ca za grzechy przeciwko Naj\u015bwi\u0119tszemu Sercu Pana Jezusa o godz. 7.00. Spowied\u017a pierwszopi\u0105tkowa od godz. 16.30. <\/p>\n<p>Na msz\u0119 \u015bw. o godz. 18.00 zapraszamy kandydat\u00f3w do bierzmowania z klas 7 i 8. Po mszy \u015bw. spotkanie dla m\u0142odzie\u017cy w ko\u015bciele.<\/p>\n<p>Zbi\u00f3rka kandydat\u00f3w na ministrant\u00f3w we wtorek o 16.30. Lektor\u00f3w i ministrant\u00f3w zapraszamy w sobot\u0119 na godz. 10.00. Pr\u00f3ba scholi parafialnej &#8222;\u015anie\u017cnej Pani&#8221; w sobot\u0119 o godzinie 10.00.<\/p>\n<p>Og\u0142oszenie, o kt\u00f3re zostali\u015bmy poproszeni:<\/p>\n<p>Stowarzyszenie Radia &#8222;Ain Karim&#8221; w Skomielnej Czarnej zaprasza na uroczyste rozstrzygni\u0119cie XIII Og\u00f3lnopolskiego Konkursu Poetyckiego \u201eO kwiat dziewi\u0119\u0107si\u0142a\u201d, kt\u00f3ry odb\u0119dzie si\u0119 w przysz\u0142\u0105 sobot\u0119, 8 pa\u017adziernika br. o godz. 16.00, w sali parafialnej w Skomielnej Czarnej.<br \/>\nW programie m.in. og\u0142oszenie wynik\u00f3w konkursu, wr\u0119czenie nagr\u00f3d i recytacja wierszy laureat\u00f3w; a tak\u017ce imprezy towarzysz\u0105ce: koncert wokalno-muzyczny uczni\u00f3w szko\u0142y muzycznej w Krzczonowie i wystawa znaczk\u00f3w pocztowych i monet ze zbior\u00f3w ks. dr. Jacka Ry\u0142ko pt. Wielcy Polacy &#8211; pisarze i poeci.  <\/p>\n<p>Wszystkim \u015bwi\u0119tuj\u0105cym w tym tygodniu dzie\u0144 urodzin, imienin oraz r\u00f3\u017cnego rodzaju rocznice i jubileusze, sk\u0142adamy najlepsze \u017cyczenia. W\u015br\u00f3d solenizant\u00f3w tego tygodnia jest p. Teresa Hans, za\u0142o\u017cycielka i prowadz\u0105ca schol\u0119 \u015anie\u017cnej Pani. Niech B\u00f3g otacza was swoj\u0105 opiek\u0105 na drogach codzienno\u015bci, obdarza rado\u015bci\u0105 i pokojem oraz umacnia w trudach i przeciwno\u015bciach.<br \/>\nB\u0142ogos\u0142awionej niedzieli i owocnego tygodnia.<\/p>\n","protected":false},"excerpt":{"rendered":"<p>Dzi\u0119kujemy mieszka\u0144com 1. cz\u0119\u015bci r\u00f3l Hoboty i Gwi\u017cd\u017ce za posprz\u0105tanie \u015bwi\u0105tyni oraz porz\u0105dki wok\u00f3\u0142 niej. O przygotowanie ko\u015bcio\u0142a w tym tygodniu prosimy mieszka\u0144c\u00f3w 2. cz\u0119\u015bci tych r\u00f3l. Ofiar\u0119 na ko\u015bci\u00f3\u0142 z\u0142o\u017cyli rodzice Piotra Zaj\u0105ca przy okazji chrztu dziecka. Wczoraj rozpocz\u0119li\u015bmy w naszej wsp\u00f3lnocie nabo\u017ce\u0144stwa r\u00f3\u017ca\u0144cowe. B\u0119dziemy je odprawia\u0107 codziennie o godz. 17.15, a w niedziel\u0119 [&hellip;]<\/p>\n","protected":false},"author":4,"featured_media":0,"comment_status":"closed","ping_status":"closed","sticky":false,"template":"","format":"standard","meta":{"footnotes":""},"categories":[6],"tags":[],"class_list":["post-10045","post","type-post","status-publish","format-standard","hentry","category-ogloszenia"],"_links":{"self":[{"href":"https:\/\/parafiatokarnia.pl\/index.php?rest_route=\/wp\/v2\/posts\/10045","targetHints":{"allow":["GET"]}}],"collection":[{"href":"https:\/\/parafiatokarnia.pl\/index.php?rest_route=\/wp\/v2\/posts"}],"about":[{"href":"https:\/\/parafiatokarnia.pl\/index.php?rest_route=\/wp\/v2\/types\/post"}],"author":[{"embeddable":true,"href":"https:\/\/parafiatokarnia.pl\/index.php?rest_route=\/wp\/v2\/users\/4"}],"replies":[{"embeddable":true,"href":"https:\/\/parafiatokarnia.pl\/index.php?rest_route=%2Fwp%2Fv2%2Fcomments&post=10045"}],"version-history":[{"count":1,"href":"https:\/\/parafiatokarnia.pl\/index.php?rest_route=\/wp\/v2\/posts\/10045\/revisions"}],"predecessor-version":[{"id":10046,"href":"https:\/\/parafiatokarnia.pl\/index.php?rest_route=\/wp\/v2\/posts\/10045\/revisions\/10046"}],"wp:attachment":[{"href":"https:\/\/parafiatokarnia.pl\/index.php?rest_route=%2Fwp%2Fv2%2Fmedia&parent=10045"}],"wp:term":[{"taxonomy":"category","embeddable":true,"href":"https:\/\/parafiatokarnia.pl\/index.php?rest_route=%2Fwp%2Fv2%2Fcategories&post=10045"},{"taxonomy":"post_tag","embeddable":true,"href":"https:\/\/parafiatokarnia.pl\/index.php?rest_route=%2Fwp%2Fv2%2Ftags&post=10045"}],"curies":[{"name":"wp","href":"https:\/\/api.w.org\/{rel}","templated":true}]}}